{"id":5429,"date":"2020-01-14T18:59:38","date_gmt":"2020-01-14T17:59:38","guid":{"rendered":"http:\/\/joelgirauddepute.fr\/?p=5429"},"modified":"2020-01-15T08:32:55","modified_gmt":"2020-01-15T07:32:55","slug":"en-pleines-questions-dactualite-le-premier-ministre-dresse-un-portrait-elogieux-de-joel-giraud","status":"publish","type":"post","link":"http:\/\/joelgirauddepute.fr\/index.php\/2020\/01\/14\/en-pleines-questions-dactualite-le-premier-ministre-dresse-un-portrait-elogieux-de-joel-giraud\/","title":{"rendered":"En pleines questions d\u2019actualit\u00e9, le Premier Ministre dresse un portrait \u00e9logieux de Jo\u00ebl Giraud"},"content":{"rendered":"\n<p>Pour sa derni\u00e8re s\u00e9ance de questions au gouvernement en\ntant que Rapporteur g\u00e9n\u00e9ral du budget, le d\u00e9put\u00e9 Jo\u00ebl Giraud a fait l\u2019objet\nd\u2019un \u00e9loge in\u00e9dit du Premier ministre en personne qui a tenu \u00e0 lui r\u00e9pondre \u00e0\nla place du ministre de l\u2019action et des comptes publics G\u00e9rald Darmanin. <\/p>\n\n\n\n<p>Au nom du Gouvernement, Edouard Philippe a souhait\u00e9\nremercier solennellement Jo\u00ebl Giraud pour son travail exigent et son expertise\ndans les questions financi\u00e8res. Si celles-ci n\u00e9cessitent pour le commun des\nmortels rigueur, asc\u00e8se et concentration, le d\u00e9put\u00e9 haut-alpin aura d\u00e9montr\u00e9\npour le Premier ministre qu\u2019une \u00ab grande connaissance de la mati\u00e8re financi\u00e8re\net budg\u00e9taire pouvait passer par un caract\u00e8re truculent, joyeux, parfois\nfarceur, mais toujours rigoureux, attentif au d\u00e9tail comme aux grands\n\u00e9quilibres et soucieux d\u2019aller toujours plus loin dans le d\u00e9bat afin de faire\navancer la loi et le travail collectif \u00bb. <\/p>\n\n\n\n<p>Une reconnaissance \u00e9mouvante pour Jo\u00ebl Giraud la veille de quitter ses fonctions de Rapporteur, qui n\u2019avait pas manqu\u00e9 de remercier lui-m\u00eame le gouvernement en amont de sa question pour sa collaboration efficace et respectueuse du parlement, permettant v\u00e9ritablement aux d\u00e9put\u00e9s de faire vivre la R\u00e9publique aux travers de ses institutions.<\/p>\n\n\n\n<figure class=\"wp-block-embed\"><div class=\"wp-block-embed__wrapper\">\n<div style=\"width: 640px;\" class=\"wp-video\"><video class=\"wp-video-shortcode\" id=\"video-5429-1\" width=\"640\" height=\"360\" preload=\"metadata\" controls=\"controls\"><source type=\"video\/mp4\" src=\"http:\/\/joelgirauddepute.fr\/wp-content\/uploads\/2020\/01\/source_8606023_5090000_5386000.mp4?_=1\" \/><a href=\"http:\/\/joelgirauddepute.fr\/wp-content\/uploads\/2020\/01\/source_8606023_5090000_5386000.mp4\">http:\/\/joelgirauddepute.fr\/wp-content\/uploads\/2020\/01\/source_8606023_5090000_5386000.mp4<\/a><\/video><\/div>\n<\/div><\/figure>\n\n\n\n<p>article de DICI TV : <\/p>\n\n\n\n<h1 class=\"wp-block-heading\">Hautes-Alpes : l&rsquo;hommage \u00e9logieux d&rsquo;Edouard Philippe \u00e0 Jo\u00ebl Giraud lors de sa derni\u00e8re s\u00e9ance de questions au gouvernement<\/h1>\n\n\n\n<p>\n                Publi\u00e9 par Adrien CITEAU le mar, 14\/01\/2020 &#8211; 20:28      <\/p>\n\n\n\n<p>Les  hommages n&rsquo;en finissent plus de pleuvoir pour le d\u00e9put\u00e9 haut-alpin Jo\u00ebl  Giraud, qui a \u00e9t\u00e9 pendant deux ans et demi Rapporteur g\u00e9n\u00e9ral du  budget. Apr\u00e8s l&rsquo;Assembl\u00e9e nationale et les d\u00e9put\u00e9s qui se sont succ\u00e9d\u00e9s \u00e0  la tribune en d\u00e9cembre, c&rsquo;\u00e9tait au tour, ce mardi, du gouvernement de  saluer le travail minutieux (et toujours dans la bonne humeur) de Jo\u00ebl  Giraud pendant ses deux ans et demi. Ainsi, le Premier ministre Edouard  Philippe, \u00e0 l&rsquo;occasion d&rsquo;une question de Jo\u00ebl Giraud au gouvernement, a  tenu \u00e0 lui r\u00e9pondre, et lui a adress\u00e9 de sinc\u00e8res remerciements, sous  les applaudissements de l&rsquo;assembl\u00e9e.<\/p>\n\n\n\n<p><a href=\"https:\/\/www.dici.fr\/actu\/2020\/01\/14\/hautes-alpes-l-hommage-elogieux-d-edouard-philippe-joel-giraud-lors-de-derniere-seance-de-questions-1352733\">https:\/\/www.dici.fr\/actu\/2020\/01\/14\/hautes-alpes-l-hommage-elogieux-d-edouard-philippe-joel-giraud-lors-de-derniere-seance-de-questions-1352733<\/a><\/p>\n","protected":false},"excerpt":{"rendered":"<div class=\"mh-excerpt\"><p>Pour sa derni\u00e8re s\u00e9ance de questions au gouvernement en tant que Rapporteur g\u00e9n\u00e9ral du budget, le d\u00e9put\u00e9 Jo\u00ebl Giraud a fait l\u2019objet d\u2019un \u00e9loge in\u00e9dit <a class=\"mh-excerpt-more\" href=\"http:\/\/joelgirauddepute.fr\/index.php\/2020\/01\/14\/en-pleines-questions-dactualite-le-premier-ministre-dresse-un-portrait-elogieux-de-joel-giraud\/\" title=\"En pleines questions d\u2019actualit\u00e9, le Premier Ministre dresse un portrait \u00e9logieux de Jo\u00ebl Giraud\">[&#8230;]<\/a><\/p>\n<\/div>","protected":false},"author":1,"featured_media":5431,"comment_status":"open","ping_status":"open","sticky":false,"template":"","format":"standard","meta":{"footnotes":""},"categories":[1],"tags":[],"class_list":["post-5429","post","type-post","status-publish","format-standard","has-post-thumbnail","hentry","category-non-classe"],"jetpack_featured_media_url":"http:\/\/joelgirauddepute.fr\/wp-content\/uploads\/2020\/01\/PM-JG.png","jetpack_sharing_enabled":true,"jetpack_shortlink":"https:\/\/wp.me\/pabfdt-1pz","_links":{"self":[{"href":"http:\/\/joelgirauddepute.fr\/index.php\/wp-json\/wp\/v2\/posts\/5429","targetHints":{"allow":["GET"]}}],"collection":[{"href":"http:\/\/joelgirauddepute.fr\/index.php\/wp-json\/wp\/v2\/posts"}],"about":[{"href":"http:\/\/joelgirauddepute.fr\/index.php\/wp-json\/wp\/v2\/types\/post"}],"author":[{"embeddable":true,"href":"http:\/\/joelgirauddepute.fr\/index.php\/wp-json\/wp\/v2\/users\/1"}],"replies":[{"embeddable":true,"href":"http:\/\/joelgirauddepute.fr\/index.php\/wp-json\/wp\/v2\/comments?post=5429"}],"version-history":[{"count":2,"href":"http:\/\/joelgirauddepute.fr\/index.php\/wp-json\/wp\/v2\/posts\/5429\/revisions"}],"predecessor-version":[{"id":5432,"href":"http:\/\/joelgirauddepute.fr\/index.php\/wp-json\/wp\/v2\/posts\/5429\/revisions\/5432"}],"wp:featuredmedia":[{"embeddable":true,"href":"http:\/\/joelgirauddepute.fr\/index.php\/wp-json\/wp\/v2\/media\/5431"}],"wp:attachment":[{"href":"http:\/\/joelgirauddepute.fr\/index.php\/wp-json\/wp\/v2\/media?parent=5429"}],"wp:term":[{"taxonomy":"category","embeddable":true,"href":"http:\/\/joelgirauddepute.fr\/index.php\/wp-json\/wp\/v2\/categories?post=5429"},{"taxonomy":"post_tag","embeddable":true,"href":"http:\/\/joelgirauddepute.fr\/index.php\/wp-json\/wp\/v2\/tags?post=5429"}],"curies":[{"name":"wp","href":"https:\/\/api.w.org\/{rel}","templated":true}]}}