{"id":5425,"date":"2020-01-14T12:17:51","date_gmt":"2020-01-14T11:17:51","guid":{"rendered":"http:\/\/joelgirauddepute.fr\/?p=5425"},"modified":"2020-01-14T12:17:59","modified_gmt":"2020-01-14T11:17:59","slug":"derniers-jours-en-qualite-de-rapporteur-general","status":"publish","type":"post","link":"http:\/\/joelgirauddepute.fr\/index.php\/2020\/01\/14\/derniers-jours-en-qualite-de-rapporteur-general\/","title":{"rendered":"Derniers jours en qualit\u00e9 de rapporteur g\u00e9n\u00e9ral"},"content":{"rendered":"\n<p>Pour remercier Jo\u00ebl Giraud du travail accompli comme rapporteur g\u00e9n\u00e9ral des finances pendant ces trois exercices budg\u00e9taires, le pr\u00e9sident du groupe LaREM de l\u2019Assembl\u00e9e nationale a remis, en pr\u00e9sence du pr\u00e9sident de l\u2019Assembl\u00e9e Richard Ferrand et du premier ministre Edouard Philippe la collection des \u0153uvres de Boris Vian \u00e9dit\u00e9e \u00e0 la pl\u00e9iade au d\u00e9put\u00e9 des Hautes-Alpes, un cadeau d\u2019autant plus appr\u00e9ci\u00e9 par Jo\u00ebl Giraud qu\u2019il s\u2019agit d\u2019un de ses auteurs pr\u00e9f\u00e9r\u00e9s.<\/p>\n","protected":false},"excerpt":{"rendered":"<div class=\"mh-excerpt\"><p>Pour remercier Jo\u00ebl Giraud du travail accompli comme rapporteur g\u00e9n\u00e9ral des finances pendant ces trois exercices budg\u00e9taires, le pr\u00e9sident du groupe LaREM de l\u2019Assembl\u00e9e nationale <a class=\"mh-excerpt-more\" href=\"http:\/\/joelgirauddepute.fr\/index.php\/2020\/01\/14\/derniers-jours-en-qualite-de-rapporteur-general\/\" title=\"Derniers jours en qualit\u00e9 de rapporteur g\u00e9n\u00e9ral\">[&#8230;]<\/a><\/p>\n<\/div>","protected":false},"author":1,"featured_media":5426,"comment_status":"open","ping_status":"open","sticky":false,"template":"","format":"standard","meta":{"footnotes":""},"categories":[3,6],"tags":[],"class_list":["post-5425","post","type-post","status-publish","format-standard","has-post-thumbnail","hentry","category-commission","category-communiques"],"jetpack_featured_media_url":"http:\/\/joelgirauddepute.fr\/wp-content\/uploads\/2020\/01\/photo-d\u00e9part-J-GIRAUD-poste-rapporteur-g\u00e9n\u00e9ral-130120.jpg","jetpack_sharing_enabled":true,"jetpack_shortlink":"https:\/\/wp.me\/pabfdt-1pv","_links":{"self":[{"href":"http:\/\/joelgirauddepute.fr\/index.php\/wp-json\/wp\/v2\/posts\/5425","targetHints":{"allow":["GET"]}}],"collection":[{"href":"http:\/\/joelgirauddepute.fr\/index.php\/wp-json\/wp\/v2\/posts"}],"about":[{"href":"http:\/\/joelgirauddepute.fr\/index.php\/wp-json\/wp\/v2\/types\/post"}],"author":[{"embeddable":true,"href":"http:\/\/joelgirauddepute.fr\/index.php\/wp-json\/wp\/v2\/users\/1"}],"replies":[{"embeddable":true,"href":"http:\/\/joelgirauddepute.fr\/index.php\/wp-json\/wp\/v2\/comments?post=5425"}],"version-history":[{"count":1,"href":"http:\/\/joelgirauddepute.fr\/index.php\/wp-json\/wp\/v2\/posts\/5425\/revisions"}],"predecessor-version":[{"id":5427,"href":"http:\/\/joelgirauddepute.fr\/index.php\/wp-json\/wp\/v2\/posts\/5425\/revisions\/5427"}],"wp:featuredmedia":[{"embeddable":true,"href":"http:\/\/joelgirauddepute.fr\/index.php\/wp-json\/wp\/v2\/media\/5426"}],"wp:attachment":[{"href":"http:\/\/joelgirauddepute.fr\/index.php\/wp-json\/wp\/v2\/media?parent=5425"}],"wp:term":[{"taxonomy":"category","embeddable":true,"href":"http:\/\/joelgirauddepute.fr\/index.php\/wp-json\/wp\/v2\/categories?post=5425"},{"taxonomy":"post_tag","embeddable":true,"href":"http:\/\/joelgirauddepute.fr\/index.php\/wp-json\/wp\/v2\/tags?post=5425"}],"curies":[{"name":"wp","href":"https:\/\/api.w.org\/{rel}","templated":true}]}}