{"id":5203,"date":"2019-11-15T18:11:43","date_gmt":"2019-11-15T17:11:43","guid":{"rendered":"http:\/\/joelgirauddepute.fr\/?p=5203"},"modified":"2019-11-18T01:57:41","modified_gmt":"2019-11-18T00:57:41","slug":"8-sites-haut-alpins-labellises-au-titre-des-maisons-france-service","status":"publish","type":"post","link":"http:\/\/joelgirauddepute.fr\/index.php\/2019\/11\/15\/8-sites-haut-alpins-labellises-au-titre-des-maisons-france-service\/","title":{"rendered":"8 sites haut-alpins labellis\u00e9s au titre des maisons France Service"},"content":{"rendered":"\n<p>Lors de la conf\u00e9rence de presse\ndu 25 avril dernier, <strong>le Pr\u00e9sident de la R\u00e9publique a d\u00e9cid\u00e9 la cr\u00e9ation d\u2019un\nr\u00e9seau France Services<\/strong>, destin\u00e9 \u00e0 accompagner les usagers dans leurs\nprincipales d\u00e9marches administratives du quotidien dans un lieu unique, \u00e0 moins\nde 30 minutes de leur domicile<strong>. L\u2019objectif est de couvrir chaque canton par\nau moins une structure France Services d\u2019ici \u00e0 fin 2022.<\/strong><\/p>\n\n\n\n<p>Lors de son discours de politique g\u00e9n\u00e9rale, le Premier ministre s\u2019est engag\u00e9 \u00e0 ce que 300 structures au moins soient labellis\u00e9es \u00ab France Services \u00bb d\u00e8s le 1er janvier 2020. <strong>Ce seront finalement 460 \u00e9tablissements de ce type qui verront le jour d\u00e8s janvier 2020 !<\/strong> Par circulaire du 1er juillet 2019, <strong>il a \u00e9tabli les exigences auxquelles r\u00e9pondre pour obtenir cette labellisation<\/strong>, au premier rang de ces exigences le haut niveau de qualit\u00e9 du service fourni. Cela se traduit par la pr\u00e9sence d\u2019agents polyvalents form\u00e9s \u00e0 l\u2019accompagnement des usagers et en nombre suffisant, par des horaires d\u2019ouverture suffisamment \u00e9tendus et adapt\u00e9s aux besoins, par la pr\u00e9sence dans la structure de 9 administrations et op\u00e9rateurs de service public que sont le minist\u00e8re de la justice, le minist\u00e8re de l\u2019action et des comptes publics, le minist\u00e8re de l\u2019int\u00e9rieur, la CNAV, la CNAM, la CNAF, la MSA, P\u00f4le emploi et La Poste.<\/p>\n\n\n\n<p>Les autres structures envisag\u00e9es\nmais qui ne v\u00e9rifient pas encore l\u2019ensemble des crit\u00e8res de qualit\u00e9 pourront\nfaire l\u2019objet d\u2019une labellisation au fil de l\u2019eau d\u00e8s ces exigences remplies.\nLes MSAP qui n\u2019auront pas \u00e9t\u00e9 labellis\u00e9es continueront d\u2019\u00eatre financ\u00e9es jusqu\u2019\u00e0\nfin 2021. Elles ont donc plus de deux ans pour atteindre le niveau de qualit\u00e9\nrequis pour obtenir la labellisation. Le r\u00e9seau France Services sera \u00e9volutif\net s\u2019adaptera aux besoins des usagers, y compris en \u00e9largissant le panier de\nservices propos\u00e9s \u00e0 ceux des collectivit\u00e9s territoriales, sur la base du\nvolontariat et sp\u00e9cificit\u00e9s locales.<\/p>\n\n\n\n<p><strong>A l\u2019issue du 4<sup>\u00e8me<\/sup> Comit\u00e9 interminist\u00e9riel de la transformation publique qui s\u2019est tenu ce vendredi 15 novembre,<\/strong> <strong>le Premier ministre a publi\u00e9 la liste des premiers sites labellis\u00e9s France Services, qui concerne les communes suivantes dans les Hautes-Alpes : <\/strong><\/p>\n\n\n\n<p><strong>Brian\u00e7on, Embrun, L\u2019Argenti\u00e8re-La Bess\u00e9e, La B\u00e2tie Neuve, Laragne, Rosans, Serres, Veynes<\/strong><\/p>\n\n\n\n<p>Lu sur DICITV : \u00ab\u00a0<a href=\"https:\/\/www.dici.fr\/actu\/2019\/11\/15\/hautes-alpes-8-structures-labellisees-maisons-france-services-1331102\" target=\"_blank\" rel=\"noreferrer noopener\" aria-label=\"Hautes-Alpes : 8 structures labellis\u00e9es maisons France Services (s\u2019ouvre dans un nouvel onglet)\">Hautes-Alpes : 8 structures labellis\u00e9es maisons France Services<\/a>\u00ab\u00a0<\/p>\n","protected":false},"excerpt":{"rendered":"<div class=\"mh-excerpt\"><p>Lors de la conf\u00e9rence de presse du 25 avril dernier, le Pr\u00e9sident de la R\u00e9publique a d\u00e9cid\u00e9 la cr\u00e9ation d\u2019un r\u00e9seau France Services, destin\u00e9 \u00e0 <a class=\"mh-excerpt-more\" href=\"http:\/\/joelgirauddepute.fr\/index.php\/2019\/11\/15\/8-sites-haut-alpins-labellises-au-titre-des-maisons-france-service\/\" title=\"8 sites haut-alpins labellis\u00e9s au titre des maisons France Service\">[&#8230;]<\/a><\/p>\n<\/div>","protected":false},"author":1,"featured_media":5204,"comment_status":"open","ping_status":"open","sticky":false,"template":"","format":"standard","meta":{"footnotes":""},"categories":[1],"tags":[],"class_list":["post-5203","post","type-post","status-publish","format-standard","has-post-thumbnail","hentry","category-non-classe"],"jetpack_featured_media_url":"http:\/\/joelgirauddepute.fr\/wp-content\/uploads\/2019\/11\/msap.png","jetpack_sharing_enabled":true,"jetpack_shortlink":"https:\/\/wp.me\/pabfdt-1lV","_links":{"self":[{"href":"http:\/\/joelgirauddepute.fr\/index.php\/wp-json\/wp\/v2\/posts\/5203","targetHints":{"allow":["GET"]}}],"collection":[{"href":"http:\/\/joelgirauddepute.fr\/index.php\/wp-json\/wp\/v2\/posts"}],"about":[{"href":"http:\/\/joelgirauddepute.fr\/index.php\/wp-json\/wp\/v2\/types\/post"}],"author":[{"embeddable":true,"href":"http:\/\/joelgirauddepute.fr\/index.php\/wp-json\/wp\/v2\/users\/1"}],"replies":[{"embeddable":true,"href":"http:\/\/joelgirauddepute.fr\/index.php\/wp-json\/wp\/v2\/comments?post=5203"}],"version-history":[{"count":5,"href":"http:\/\/joelgirauddepute.fr\/index.php\/wp-json\/wp\/v2\/posts\/5203\/revisions"}],"predecessor-version":[{"id":5210,"href":"http:\/\/joelgirauddepute.fr\/index.php\/wp-json\/wp\/v2\/posts\/5203\/revisions\/5210"}],"wp:featuredmedia":[{"embeddable":true,"href":"http:\/\/joelgirauddepute.fr\/index.php\/wp-json\/wp\/v2\/media\/5204"}],"wp:attachment":[{"href":"http:\/\/joelgirauddepute.fr\/index.php\/wp-json\/wp\/v2\/media?parent=5203"}],"wp:term":[{"taxonomy":"category","embeddable":true,"href":"http:\/\/joelgirauddepute.fr\/index.php\/wp-json\/wp\/v2\/categories?post=5203"},{"taxonomy":"post_tag","embeddable":true,"href":"http:\/\/joelgirauddepute.fr\/index.php\/wp-json\/wp\/v2\/tags?post=5203"}],"curies":[{"name":"wp","href":"https:\/\/api.w.org\/{rel}","templated":true}]}}