{"id":5167,"date":"2019-11-07T18:34:56","date_gmt":"2019-11-07T17:34:56","guid":{"rendered":"http:\/\/joelgirauddepute.fr\/?p=5167"},"modified":"2019-11-07T18:34:56","modified_gmt":"2019-11-07T17:34:56","slug":"appel-des-parlementaires-pour-un-cambodge-libre-et-democratique-via-mediapart","status":"publish","type":"post","link":"http:\/\/joelgirauddepute.fr\/index.php\/2019\/11\/07\/appel-des-parlementaires-pour-un-cambodge-libre-et-democratique-via-mediapart\/","title":{"rendered":"Appel des parlementaires pour un Cambodge libre et d\u00e9mocratique (via Mediapart)"},"content":{"rendered":"\n<p> Un groupe de parlementaires fran\u00e7ais exhorte le Gouvernement \u00e0 porter un  appui politique au leader en exil de l&rsquo;opposition d\u00e9mocratique, Sam  Rainsy, qui s&rsquo;appr\u00eate, malgr\u00e9 les menaces qui p\u00e8sent sur lui, \u00e0 rentrer  dans son pays pour enrayer la d\u00e9rive autoritaire qui affecte le Cambodge  depuis deux ans.              <\/p>\n\n\n\n<p>Le 16 novembre prochain co\u00efncidera avec le deuxi\u00e8me \nanniversaire de la dissolution Parti du salut national du Cambodge, \nact\u00e9e par une d\u00e9cision de la Cour supr\u00eame de ce pays qui, de fait, a \nremis en cause le processus d\u00e9mocratique engag\u00e9 depuis la conclusion des\n accords de Paris en 1991. Ainsi, 118 membres de ce parti ont \u00e9t\u00e9 \ninterdits d\u2019exercer des fonctions politiques et, lors des soi-disantes \n\u00e9lections de juillet 2018, l\u2019opposition d\u00e9mocratique au r\u00e9gime du \nPremier ministre Hun Sen a \u00e9t\u00e9 emp\u00each\u00e9e de se pr\u00e9senter.<br><\/p>\n\n\n\n<p>Le Cambodge est un des 48 pays les plus pauvres du monde qui \nb\u00e9n\u00e9ficient de l\u2019initiative \u00abTout sauf les armes\u00bb de l\u2019Union europ\u00e9enne \nqui accorde une exemption compl\u00e8te de taxes et droits de douane pour \nl\u2019acc\u00e8s au march\u00e9 unique europ\u00e9en pour tous les produits, \u00e0 l\u2019exception \ndes armes et des munitions.<\/p>\n\n\n\n<p>La Commission europ\u00e9enne s\u2019appr\u00eate, le 11 novembre prochain, \u00e0 \npublier un rapport sur les six mois de suivi que les autorit\u00e9s \neurop\u00e9ennes ont men\u00e9 sur place aux cot\u00e9s des autorit\u00e9s cambodgiennes. Ce\n rapport devrait ouvrir la voie au retrait du m\u00e9canisme de pr\u00e9f\u00e9rences \ncommerciales dont jouit le pays, en raison des violations r\u00e9p\u00e9t\u00e9es des \ndroits des travailleurs, de l\u2019accaparement des terres et de la \nr\u00e9pression politique op\u00e9r\u00e9s par le gouvernement de M. Hun Sen, au \npouvoir depuis 34 ans.<\/p>\n\n\n\n<p>Il s\u2019agit donc d\u2019un d\u00e9fi politique majeur pour l\u2019Europe et pour\n la France, car c\u2019est leur capacit\u00e9 m\u00eame de faire respecter, par leurs \npartenaires commerciaux, les valeurs universelles des droits humains et \nde l\u2019\u00c9tat de droit qui est en jeu. Rappelons que la France est, avec \nl\u2019Indon\u00e9sie, la garante des accords de Paris de 1991 qui devait conduire\n le Cambodge vers la transition d\u00e9mocratique apr\u00e8s la chute du sanglant \nr\u00e9gime des Khmers rouges.<\/p>\n\n\n\n<p>C\u2019est \u00e9galement un enjeu de d\u00e9veloppement \u00e9conomique majeur  pour le Cambodge, dont le taux de croissance (entre 6 \u00e0 7% annuels ces  derni\u00e8res ann\u00e9es) est significativement port\u00e9 par l\u2019existence de ce  r\u00e9gime commercial pr\u00e9f\u00e9rentiel.<\/p>\n\n\n\n<p>Dans ce contexte, de nombreux dirigeants de l\u2019opposition \nd\u00e9mocratique en exil ont fait le choix depuis cet \u00e9t\u00e9 de retourner au \nCambodge, en d\u00e9pit des menaces d\u2019arrestations dont ils font l\u2019objet. \nParmi eux, leur principal leader, M. Sam Rainsy, pr\u00e9sident du Parti du \nsalut national du Cambodge, qui dispose de la double nationalit\u00e9 \nfran\u00e7aise et cambodgienne, a d\u00e9cid\u00e9 de retourner dans les jours \u00e0 venir \nau Cambodge malgr\u00e9 les menaces qui p\u00e8sent sur sa personne.<\/p>\n\n\n\n<p>Son objectif est de tenter de r\u00e9tablir des conditions \nd\u00e9mocratiques attendues par le peuple cambodgien et qui permettraient \n\u00e9ventuellement \u00e0 son pays d\u2019\u00e9chapper aux sanctions europ\u00e9ennes \nenvisag\u00e9es.<\/p>\n\n\n\n<p>Ce sont les raisons pour lesquelles, nous, parlementaires \nfran\u00e7ais, pleinement solidaires des d\u00e9cisions prises par l\u2019Union \neurop\u00e9enne :<\/p>\n\n\n\n<p>\u2013 d\u00e9clarons notre plein et actif soutien avec la d\u00e9marche non-violente engag\u00e9e par M. Sam Rainsy;<\/p>\n\n\n\n<p>\u2013 demandons \u00e0 la France et aux pays membres de l\u2019Union  europ\u00e9enne de veiller, dans ce contexte d\u00e9licat, \u00e0 garantir sa pleine  s\u00e9curit\u00e9 et d\u2019apporter un appui politique \u00e0 la d\u00e9marche engag\u00e9e par les  dirigeants du Parti du salut national du Cambodge.<\/p>\n\n\n\n<p>Premiers cosignataires : <strong>Andr\u00e9 Gattolin<\/strong>, s\u00e9nateur des Hauts-de-Seine, <strong>\u00c9ric Alauzet<\/strong>, d\u00e9put\u00e9 du Doubs, <strong>Michel Amiel<\/strong>, s\u00e9nateur des Bouches-du-Rh\u00f4ne, <strong>Michel\u00a0Canevet<\/strong>, s\u00e9nateur du Finist\u00e8re, <strong>Bernard Cazeau<\/strong>, s\u00e9nateur de la Dordogne, <strong>Bernard Fournier<\/strong>, s\u00e9nateur de la Loire, <strong>Jo\u00ebl Giraud<\/strong>, d\u00e9put\u00e9 des Hautes-Alpes, <strong>Fabien Gouttefarde<\/strong>, d\u00e9put\u00e9 de l\u2019Eure, <strong>Claude Haut<\/strong>, s\u00e9nateur du Vaucluse, <strong>Jacques Maire<\/strong>, d\u00e9put\u00e9 des Hauts-de-Seine, <strong>Claude Malhuret<\/strong>, s\u00e9nateur de l\u2019Allier, <strong>Fr\u00e9d\u00e9ric Marchand<\/strong>, s\u00e9nateur du Nord, <strong>Colette M\u00e9lot<\/strong>, s\u00e9natrice de Seine-et-Marne, <strong>Fran\u00e7ois Patriat<\/strong>, s\u00e9nateur de la C\u00f4te-d&rsquo;Or, <strong>Didier Rambaud<\/strong>, s\u00e9nateur de l&rsquo;Is\u00e8re, <strong>Laurianne Rossi<\/strong>, d\u00e9put\u00e9e des Hauts-de-Seine, <strong>Martine Wonner<\/strong>, d\u00e9put\u00e9e du Bas-Rhin<\/p>\n\n\n\n<p>Lien de l&rsquo;article : <a href=\"https:\/\/blogs.mediapart.fr\/gattolin-andre\/blog\/061119\/appel-des-parlementaires-pour-un-cambodge-libre-et-democratique\" target=\"_blank\" rel=\"noreferrer noopener\" aria-label=\" (s\u2019ouvre dans un nouvel onglet)\">https:\/\/blogs.mediapart.fr\/gattolin-andre\/blog\/061119\/appel-des-parlementaires-pour-un-cambodge-libre-et-democratique<\/a><\/p>\n","protected":false},"excerpt":{"rendered":"<div class=\"mh-excerpt\"><p>Un groupe de parlementaires fran\u00e7ais exhorte le Gouvernement \u00e0 porter un appui politique au leader en exil de l&rsquo;opposition d\u00e9mocratique, Sam Rainsy, qui s&rsquo;appr\u00eate, malgr\u00e9 <a class=\"mh-excerpt-more\" href=\"http:\/\/joelgirauddepute.fr\/index.php\/2019\/11\/07\/appel-des-parlementaires-pour-un-cambodge-libre-et-democratique-via-mediapart\/\" title=\"Appel des parlementaires pour un Cambodge libre et d\u00e9mocratique (via Mediapart)\">[&#8230;]<\/a><\/p>\n<\/div>","protected":false},"author":1,"featured_media":5168,"comment_status":"open","ping_status":"open","sticky":false,"template":"","format":"standard","meta":{"footnotes":""},"categories":[1],"tags":[],"class_list":["post-5167","post","type-post","status-publish","format-standard","has-post-thumbnail","hentry","category-non-classe"],"jetpack_featured_media_url":"http:\/\/joelgirauddepute.fr\/wp-content\/uploads\/2019\/11\/samrainsy.jpg","jetpack_sharing_enabled":true,"jetpack_shortlink":"https:\/\/wp.me\/pabfdt-1ll","_links":{"self":[{"href":"http:\/\/joelgirauddepute.fr\/index.php\/wp-json\/wp\/v2\/posts\/5167","targetHints":{"allow":["GET"]}}],"collection":[{"href":"http:\/\/joelgirauddepute.fr\/index.php\/wp-json\/wp\/v2\/posts"}],"about":[{"href":"http:\/\/joelgirauddepute.fr\/index.php\/wp-json\/wp\/v2\/types\/post"}],"author":[{"embeddable":true,"href":"http:\/\/joelgirauddepute.fr\/index.php\/wp-json\/wp\/v2\/users\/1"}],"replies":[{"embeddable":true,"href":"http:\/\/joelgirauddepute.fr\/index.php\/wp-json\/wp\/v2\/comments?post=5167"}],"version-history":[{"count":1,"href":"http:\/\/joelgirauddepute.fr\/index.php\/wp-json\/wp\/v2\/posts\/5167\/revisions"}],"predecessor-version":[{"id":5169,"href":"http:\/\/joelgirauddepute.fr\/index.php\/wp-json\/wp\/v2\/posts\/5167\/revisions\/5169"}],"wp:featuredmedia":[{"embeddable":true,"href":"http:\/\/joelgirauddepute.fr\/index.php\/wp-json\/wp\/v2\/media\/5168"}],"wp:attachment":[{"href":"http:\/\/joelgirauddepute.fr\/index.php\/wp-json\/wp\/v2\/media?parent=5167"}],"wp:term":[{"taxonomy":"category","embeddable":true,"href":"http:\/\/joelgirauddepute.fr\/index.php\/wp-json\/wp\/v2\/categories?post=5167"},{"taxonomy":"post_tag","embeddable":true,"href":"http:\/\/joelgirauddepute.fr\/index.php\/wp-json\/wp\/v2\/tags?post=5167"}],"curies":[{"name":"wp","href":"https:\/\/api.w.org\/{rel}","templated":true}]}}