{"id":5159,"date":"2019-11-07T12:02:26","date_gmt":"2019-11-07T11:02:26","guid":{"rendered":"http:\/\/joelgirauddepute.fr\/?p=5159"},"modified":"2019-11-07T16:07:51","modified_gmt":"2019-11-07T15:07:51","slug":"video-dans-les-coulisses-de-lassemblee-nationale-avec-joel-giraud","status":"publish","type":"post","link":"http:\/\/joelgirauddepute.fr\/index.php\/2019\/11\/07\/video-dans-les-coulisses-de-lassemblee-nationale-avec-joel-giraud\/","title":{"rendered":"VID\u00c9O : Dans les coulisses de l&rsquo;Assembl\u00e9e nationale avec Jo\u00ebl Giraud"},"content":{"rendered":"\n<p>Rencontre en immersion avec Jo\u00ebl Giraud, le d\u00e9put\u00e9 des Hautes-Alpes et Rapporteur g\u00e9n\u00e9ral du budget au c\u0153ur des arbitrages sur les projets de loi de finances depuis 3 ans.<\/p>\n\n\n\n<figure class=\"wp-block-embed-vimeo wp-block-embed is-type-video is-provider-vimeo wp-embed-aspect-16-9 wp-has-aspect-ratio\"><div class=\"wp-block-embed__wrapper\">\n<div class=\"embed-vimeo\" style=\"text-align: center;\"><iframe loading=\"lazy\" src=\"https:\/\/player.vimeo.com\/video\/370019302\" width=\"600\" height=\"338\" frameborder=\"0\" webkitallowfullscreen mozallowfullscreen allowfullscreen><\/iframe><\/div>\n<\/div><figcaption> \u00ab\u00a0PORTE A PORTE : Jo\u00ebl Giraud \u00e0 l\u2019Assembl\u00e9e Nationale\u00a0\u00bb (via DICITV)<\/figcaption><\/figure>\n\n\n\n<p>Lien de l&rsquo;article : <a href=\"https:\/\/www.dici.fr\/actu\/2019\/10\/31\/porte-porte-tente-de-suivre-depute-joel-giraud-couloirs-de-l-assemblee-nationale-1325437\" target=\"_blank\" rel=\"noreferrer noopener\" aria-label=\"https:\/\/www.dici.fr\/actu\/2019\/10\/31\/porte-porte-tente-de-suivre-depute-joel-giraud-couloirs-de-l-assemblee-nationale-1325437 (s\u2019ouvre dans un nouvel onglet)\">https:\/\/www.dici.fr\/actu\/2019\/10\/31\/porte-porte-tente-de-suivre-depute-joel-giraud-couloirs-de-l-assemblee-nationale-1325437<\/a><\/p>\n","protected":false},"excerpt":{"rendered":"<div class=\"mh-excerpt\"><p>Rencontre en immersion avec Jo\u00ebl Giraud, le d\u00e9put\u00e9 des Hautes-Alpes et Rapporteur g\u00e9n\u00e9ral du budget au c\u0153ur des arbitrages sur les projets de loi de <a class=\"mh-excerpt-more\" href=\"http:\/\/joelgirauddepute.fr\/index.php\/2019\/11\/07\/video-dans-les-coulisses-de-lassemblee-nationale-avec-joel-giraud\/\" title=\"VID\u00c9O : Dans les coulisses de l&rsquo;Assembl\u00e9e nationale avec Jo\u00ebl Giraud\">[&#8230;]<\/a><\/p>\n<\/div>","protected":false},"author":1,"featured_media":5160,"comment_status":"open","ping_status":"open","sticky":false,"template":"","format":"standard","meta":{"footnotes":""},"categories":[1],"tags":[],"class_list":["post-5159","post","type-post","status-publish","format-standard","has-post-thumbnail","hentry","category-non-classe"],"jetpack_featured_media_url":"http:\/\/joelgirauddepute.fr\/wp-content\/uploads\/2019\/11\/JGIRAUDdicitv.jpg","jetpack_sharing_enabled":true,"jetpack_shortlink":"https:\/\/wp.me\/pabfdt-1ld","_links":{"self":[{"href":"http:\/\/joelgirauddepute.fr\/index.php\/wp-json\/wp\/v2\/posts\/5159","targetHints":{"allow":["GET"]}}],"collection":[{"href":"http:\/\/joelgirauddepute.fr\/index.php\/wp-json\/wp\/v2\/posts"}],"about":[{"href":"http:\/\/joelgirauddepute.fr\/index.php\/wp-json\/wp\/v2\/types\/post"}],"author":[{"embeddable":true,"href":"http:\/\/joelgirauddepute.fr\/index.php\/wp-json\/wp\/v2\/users\/1"}],"replies":[{"embeddable":true,"href":"http:\/\/joelgirauddepute.fr\/index.php\/wp-json\/wp\/v2\/comments?post=5159"}],"version-history":[{"count":2,"href":"http:\/\/joelgirauddepute.fr\/index.php\/wp-json\/wp\/v2\/posts\/5159\/revisions"}],"predecessor-version":[{"id":5165,"href":"http:\/\/joelgirauddepute.fr\/index.php\/wp-json\/wp\/v2\/posts\/5159\/revisions\/5165"}],"wp:featuredmedia":[{"embeddable":true,"href":"http:\/\/joelgirauddepute.fr\/index.php\/wp-json\/wp\/v2\/media\/5160"}],"wp:attachment":[{"href":"http:\/\/joelgirauddepute.fr\/index.php\/wp-json\/wp\/v2\/media?parent=5159"}],"wp:term":[{"taxonomy":"category","embeddable":true,"href":"http:\/\/joelgirauddepute.fr\/index.php\/wp-json\/wp\/v2\/categories?post=5159"},{"taxonomy":"post_tag","embeddable":true,"href":"http:\/\/joelgirauddepute.fr\/index.php\/wp-json\/wp\/v2\/tags?post=5159"}],"curies":[{"name":"wp","href":"https:\/\/api.w.org\/{rel}","templated":true}]}}