{"id":5138,"date":"2019-10-24T12:04:04","date_gmt":"2019-10-24T10:04:04","guid":{"rendered":"http:\/\/joelgirauddepute.fr\/?p=5138"},"modified":"2019-11-08T17:49:14","modified_gmt":"2019-11-08T16:49:14","slug":"les-cotisations-retraites-des-moniteurs-de-ski-calculees-proportionnellement-a-leur-activite-pascale-boyer-et-joel-giraud-se-rejouissent-de-ladoption-de-leur-amendement","status":"publish","type":"post","link":"http:\/\/joelgirauddepute.fr\/index.php\/2019\/10\/24\/les-cotisations-retraites-des-moniteurs-de-ski-calculees-proportionnellement-a-leur-activite-pascale-boyer-et-joel-giraud-se-rejouissent-de-ladoption-de-leur-amendement\/","title":{"rendered":"Les cotisations retraites des moniteurs de ski calcul\u00e9es proportionnellement \u00e0 leur activit\u00e9 : Pascale Boyer et Jo\u00ebl Giraud se r\u00e9jouissent de l\u2019adoption de leur amendement"},"content":{"rendered":"\n<p>Dans le cadre du Projet de loi de financement de la s\u00e9curit\u00e9\nsociale pour 2020, Madame la d\u00e9put\u00e9e Pascale Boyer a d\u00e9pos\u00e9 un amendement d\u00e9fendu\nhier par Jo\u00ebl Giraud dans l\u2019h\u00e9micycle et adopt\u00e9 par l\u2019Assembl\u00e9e nationale.<\/p>\n\n\n\n<p>Celui-ci exon\u00e8re les moniteurs de ski occasionnels du\npaiement de la cotisation retraite forfaitaire de 471 euros dont ils devaient\ns\u2019acquitter en-dessous d\u2019un certain seuil de b\u00e9n\u00e9fice. D\u00e9sormais, leurs\ncotisations retraite seront calcul\u00e9es proportionnellement \u00e0 leur activit\u00e9 d\u00e8s\nle premier euro travaill\u00e9, ce qui est plus \u00e9quitable.<\/p>\n\n\n\n<p>Ce montant \u00e9tait en effet d\u00e9sincitatif pour nombre d\u2019entre eux qui ne d\u00e9gagent pas un b\u00e9n\u00e9fice important. Par ailleurs, ces moniteurs de ski valident d\u00e9j\u00e0 leurs quatre trimestres d\u2019assurance vieillesse dans le cadre de leur activit\u00e9 annuelle.<\/p>\n\n\n\n<p>Ces professionnels pourront ainsi continuer de venir en renfort des \u00e9quipes de moniteurs de ski pendant les p\u00e9riodes \u00e0 haute activit\u00e9 touristique.<\/p>\n\n\n\n<p>Les d\u00e9put\u00e9s Pascale Boyer et Jo\u00ebl Giraud, cosignataires de\nl&rsquo;amendement, se f\u00e9licitent de ce vote qui permet enfin de r\u00e9pondre aux\nattentes de la profession.<\/p>\n\n\n\n<p>Une nouvelle fois, la montagne a \u00e9t\u00e9 mis \u00e0 l\u2019honneur dans l\u2019h\u00e9micycle de l\u2019Assembl\u00e9e nationale gr\u00e2ce \u00e0 l\u2019action conjugu\u00e9e de d\u00e9put\u00e9s de toutes sensibilit\u00e9s.<\/p>\n\n\n\n<div class=\"wp-block-file\"><a href=\"http:\/\/joelgirauddepute.fr\/wp-content\/uploads\/2019\/10\/art.-DL-cotisation-retraite-moniteurs-occasionnels-26-10-19.pdf\" target=\"_blank\" rel=\"noreferrer noopener\">art.-DL-cotisation-retraite-moniteurs-occasionnels-26-10-19<\/a><a href=\"http:\/\/joelgirauddepute.fr\/wp-content\/uploads\/2019\/10\/art.-DL-cotisation-retraite-moniteurs-occasionnels-26-10-19.pdf\" class=\"wp-block-file__button\" download>T\u00e9l\u00e9charger<\/a><\/div>\n","protected":false},"excerpt":{"rendered":"<div class=\"mh-excerpt\"><p>Dans le cadre du Projet de loi de financement de la s\u00e9curit\u00e9 sociale pour 2020, Madame la d\u00e9put\u00e9e Pascale Boyer a d\u00e9pos\u00e9 un amendement d\u00e9fendu <a class=\"mh-excerpt-more\" href=\"http:\/\/joelgirauddepute.fr\/index.php\/2019\/10\/24\/les-cotisations-retraites-des-moniteurs-de-ski-calculees-proportionnellement-a-leur-activite-pascale-boyer-et-joel-giraud-se-rejouissent-de-ladoption-de-leur-amendement\/\" title=\"Les cotisations retraites des moniteurs de ski calcul\u00e9es proportionnellement \u00e0 leur activit\u00e9 : Pascale Boyer et Jo\u00ebl Giraud se r\u00e9jouissent de l\u2019adoption de leur amendement\">[&#8230;]<\/a><\/p>\n<\/div>","protected":false},"author":1,"featured_media":5140,"comment_status":"open","ping_status":"open","sticky":false,"template":"","format":"standard","meta":{"footnotes":""},"categories":[1],"tags":[],"class_list":["post-5138","post","type-post","status-publish","format-standard","has-post-thumbnail","hentry","category-non-classe"],"jetpack_featured_media_url":"http:\/\/joelgirauddepute.fr\/wp-content\/uploads\/2019\/10\/ESFValdIs\u00e8re.jpg","jetpack_sharing_enabled":true,"jetpack_shortlink":"https:\/\/wp.me\/pabfdt-1kS","_links":{"self":[{"href":"http:\/\/joelgirauddepute.fr\/index.php\/wp-json\/wp\/v2\/posts\/5138","targetHints":{"allow":["GET"]}}],"collection":[{"href":"http:\/\/joelgirauddepute.fr\/index.php\/wp-json\/wp\/v2\/posts"}],"about":[{"href":"http:\/\/joelgirauddepute.fr\/index.php\/wp-json\/wp\/v2\/types\/post"}],"author":[{"embeddable":true,"href":"http:\/\/joelgirauddepute.fr\/index.php\/wp-json\/wp\/v2\/users\/1"}],"replies":[{"embeddable":true,"href":"http:\/\/joelgirauddepute.fr\/index.php\/wp-json\/wp\/v2\/comments?post=5138"}],"version-history":[{"count":2,"href":"http:\/\/joelgirauddepute.fr\/index.php\/wp-json\/wp\/v2\/posts\/5138\/revisions"}],"predecessor-version":[{"id":5142,"href":"http:\/\/joelgirauddepute.fr\/index.php\/wp-json\/wp\/v2\/posts\/5138\/revisions\/5142"}],"wp:featuredmedia":[{"embeddable":true,"href":"http:\/\/joelgirauddepute.fr\/index.php\/wp-json\/wp\/v2\/media\/5140"}],"wp:attachment":[{"href":"http:\/\/joelgirauddepute.fr\/index.php\/wp-json\/wp\/v2\/media?parent=5138"}],"wp:term":[{"taxonomy":"category","embeddable":true,"href":"http:\/\/joelgirauddepute.fr\/index.php\/wp-json\/wp\/v2\/categories?post=5138"},{"taxonomy":"post_tag","embeddable":true,"href":"http:\/\/joelgirauddepute.fr\/index.php\/wp-json\/wp\/v2\/tags?post=5138"}],"curies":[{"name":"wp","href":"https:\/\/api.w.org\/{rel}","templated":true}]}}