{"id":5132,"date":"2019-10-25T16:28:53","date_gmt":"2019-10-25T14:28:53","guid":{"rendered":"http:\/\/joelgirauddepute.fr\/?p=5132"},"modified":"2019-10-25T16:28:54","modified_gmt":"2019-10-25T14:28:54","slug":"artisanat-en-montagne-joel-giraud-rencontre-les-montagnards-des-chambres-de-metiers-et-de-lartisanat-cma","status":"publish","type":"post","link":"http:\/\/joelgirauddepute.fr\/index.php\/2019\/10\/25\/artisanat-en-montagne-joel-giraud-rencontre-les-montagnards-des-chambres-de-metiers-et-de-lartisanat-cma\/","title":{"rendered":"Artisanat en montagne : Jo\u00ebl Giraud rencontre les \u00ab montagnards \u00bb des Chambres de M\u00e9tiers et de l\u2019Artisanat (CMA)"},"content":{"rendered":"\n<p>Ce mercredi 23 octobre, \u00e0 l\u2019invitation de CMA France, le d\u00e9put\u00e9 des Hautes-Alpes et rapporteur g\u00e9n\u00e9ral du budget s\u2019est entretenu avec les repr\u00e9sentants des Chambres de m\u00e9tiers et de l\u2019artisanat membres de la commission montagne, en pr\u00e9sence de Bernard Stalter, pr\u00e9sident national.<\/p>\n\n\n\n<p>Le pr\u00e9sident de CMA France, qui s\u2019\u00e9tait rendu le 18 juillet\ndernier \u00e0 Brian\u00e7on pour soutenir le projet de revitalisation de la Cit\u00e9 Vauban\npar l\u2019artisanat, est attentif aux probl\u00e9matiques propres \u00e0 la montagne, qui\ncouvre pas moins de 50 d\u00e9partements et 30% du territoire m\u00e9tropolitain\nfran\u00e7ais.<\/p>\n\n\n\n<p>Ainsi, les \u00e9changes se sont concentr\u00e9s autour de la n\u00e9cessit\u00e9 de reconna\u00eetre et prendre en compte la sp\u00e9cificit\u00e9 montagne. L\u2019Acte II de la loi Montagne vot\u00e9 en 2016, dont Jo\u00ebl Giraud a \u00e9t\u00e9 l\u2019un des principaux artisans, avait r\u00e9actualis\u00e9 ce principe en y int\u00e9grant notamment le besoin de renforcement et d\u2019adaptation des politiques publiques, et de soutien \u00e0 l\u2019emploi et au dynamisme \u00e9conomique. <\/p>\n\n\n\n<p>En mati\u00e8re d\u2019artisanat, la loi reconnait l\u2019int\u00e9r\u00eat g\u00e9n\u00e9ral \u00e0 l\u2019existence en zone de montagne d\u2019un \u00e9quipement commercial et d\u2019un artisanat de services r\u00e9pondant aux besoins courants des populations et contribuant au maintien de la vie locale. L\u2019\u00c9tat, les collectivit\u00e9s territoriales et les \u00e9tablissements publics doivent prendre en compte la r\u00e9alisation de cet objectif dans le cadre des actions qu\u2019ils conduisent en mati\u00e8re de d\u00e9veloppement \u00e9conomique et social.<\/p>\n\n\n\n<p>Ont donc \u00e9t\u00e9 \u00e9voqu\u00e9es les questions de repr\u00e9sentativit\u00e9 des\norganisations professionnelles dans le cadre d\u2019accords de branche,\nprofessionnel ou interprofessionnel, car il convient d\u2019assurer une juste prise\nen compte des int\u00e9r\u00eats de tous les acteurs \u00e9conomiques, de la multinationale \u00e0\nl\u2019entreprise de proximit\u00e9.<\/p>\n\n\n\n<p>Jo\u00ebl Giraud se r\u00e9jouit de cette rencontre \u00e0 la fois studieuse et conviviale qui montre une fois de plus l\u2019int\u00e9r\u00eat croissant des professionnels pour le d\u00e9veloppement et la pr\u00e9servation des territoires montagnards, absolument incontournables dans le cadre de la transition \u00e9cologique.<\/p>\n","protected":false},"excerpt":{"rendered":"<div class=\"mh-excerpt\"><p>Ce mercredi 23 octobre, \u00e0 l\u2019invitation de CMA France, le d\u00e9put\u00e9 des Hautes-Alpes et rapporteur g\u00e9n\u00e9ral du budget s\u2019est entretenu avec les repr\u00e9sentants des Chambres <a class=\"mh-excerpt-more\" href=\"http:\/\/joelgirauddepute.fr\/index.php\/2019\/10\/25\/artisanat-en-montagne-joel-giraud-rencontre-les-montagnards-des-chambres-de-metiers-et-de-lartisanat-cma\/\" title=\"Artisanat en montagne : Jo\u00ebl Giraud rencontre les \u00ab montagnards \u00bb des Chambres de M\u00e9tiers et de l\u2019Artisanat (CMA)\">[&#8230;]<\/a><\/p>\n<\/div>","protected":false},"author":1,"featured_media":5133,"comment_status":"open","ping_status":"open","sticky":false,"template":"","format":"standard","meta":{"footnotes":""},"categories":[1],"tags":[],"class_list":["post-5132","post","type-post","status-publish","format-standard","has-post-thumbnail","hentry","category-non-classe"],"jetpack_featured_media_url":"http:\/\/joelgirauddepute.fr\/wp-content\/uploads\/2019\/10\/CMAFrance.jpg","jetpack_sharing_enabled":true,"jetpack_shortlink":"https:\/\/wp.me\/pabfdt-1kM","_links":{"self":[{"href":"http:\/\/joelgirauddepute.fr\/index.php\/wp-json\/wp\/v2\/posts\/5132","targetHints":{"allow":["GET"]}}],"collection":[{"href":"http:\/\/joelgirauddepute.fr\/index.php\/wp-json\/wp\/v2\/posts"}],"about":[{"href":"http:\/\/joelgirauddepute.fr\/index.php\/wp-json\/wp\/v2\/types\/post"}],"author":[{"embeddable":true,"href":"http:\/\/joelgirauddepute.fr\/index.php\/wp-json\/wp\/v2\/users\/1"}],"replies":[{"embeddable":true,"href":"http:\/\/joelgirauddepute.fr\/index.php\/wp-json\/wp\/v2\/comments?post=5132"}],"version-history":[{"count":1,"href":"http:\/\/joelgirauddepute.fr\/index.php\/wp-json\/wp\/v2\/posts\/5132\/revisions"}],"predecessor-version":[{"id":5134,"href":"http:\/\/joelgirauddepute.fr\/index.php\/wp-json\/wp\/v2\/posts\/5132\/revisions\/5134"}],"wp:featuredmedia":[{"embeddable":true,"href":"http:\/\/joelgirauddepute.fr\/index.php\/wp-json\/wp\/v2\/media\/5133"}],"wp:attachment":[{"href":"http:\/\/joelgirauddepute.fr\/index.php\/wp-json\/wp\/v2\/media?parent=5132"}],"wp:term":[{"taxonomy":"category","embeddable":true,"href":"http:\/\/joelgirauddepute.fr\/index.php\/wp-json\/wp\/v2\/categories?post=5132"},{"taxonomy":"post_tag","embeddable":true,"href":"http:\/\/joelgirauddepute.fr\/index.php\/wp-json\/wp\/v2\/tags?post=5132"}],"curies":[{"name":"wp","href":"https:\/\/api.w.org\/{rel}","templated":true}]}}