{"id":5090,"date":"2019-10-15T19:08:01","date_gmt":"2019-10-15T17:08:01","guid":{"rendered":"http:\/\/joelgirauddepute.fr\/?p=5090"},"modified":"2019-10-15T19:08:08","modified_gmt":"2019-10-15T17:08:08","slug":"les-collectivites-de-montagne-vont-etre-gagnantes-joel-giraud-pour-la-montagne-magazine","status":"publish","type":"post","link":"http:\/\/joelgirauddepute.fr\/index.php\/2019\/10\/15\/les-collectivites-de-montagne-vont-etre-gagnantes-joel-giraud-pour-la-montagne-magazine\/","title":{"rendered":"\u00ab Les collectivit\u00e9s de montagne  vont \u00eatre gagnantes \u00bb Jo\u00ebl Giraud (Pour la Montagne Magazine)"},"content":{"rendered":"\n<p><strong>Le rapporteur g\u00e9n\u00e9ral du budget se dit rassur\u00e9 sur l\u2019avenir des finances locales<\/strong>.<\/p>\n\n\n\n<p><strong>PLM: Quel regard portez-vous aujourd\u2019hui sur la situation des finances locales?<\/strong><\/p>\n\n\n\n<p>Jo\u00ebl Giraud : Je consid\u00e8re que, pendant la premi\u00e8re partie de cette mandature, les choses se sont largement am\u00e9lior\u00e9es. Nous avons mis fin \u00e0 un syst\u00e8me \u00abpunitif\u00bb qui touchait autant les collectivit\u00e9s locales sans beaucoup de moyens que celles qui en avaient beaucoup. S\u2019y est substitu\u00e9 un syst\u00e8me bas\u00e9 sur des contrats avec les collectivit\u00e9s les plus riches et les coups de rabot ne se pratiquent plus sur les petites collectivit\u00e9s. Autrement dit, on n\u2019enl\u00e8ve plus rien aux gens qui sont \u00e0 l\u2019os. Maintenant, les seules baisses possibles sont les baisses m\u00e9caniques, c\u2019est-\u00e0-dire au cas o\u00f9 la population passerait de 500 habitants \u00e0 300. Il s\u2019agit donc d\u2019un ind\u00e9niable souffle novateur.<\/p>\n\n\n\n<p><strong>PLM:  En  d\u00e9pit  des  compensations  envisag\u00e9es,  comprenez-vous quand m\u00eame l\u2019inqui\u00e9tude de certains maires devant la suppression de la taxe d\u2019habitation?<\/strong><\/p>\n\n\n\n<p>J.G.: Tr\u00e8s honn\u00eatement, avec la redescente de la taxe sur le foncier b\u00e2ti sur le bloc communal, le syst\u00e8me tel qu\u2019il est pr\u00e9vu offre les garanties suffisantes et la possibilit\u00e9 de conserver une certaine autonomie. En plus, l\u2019engagement a \u00e9t\u00e9 pris par le gouvernement pour qu\u2019une attention particuli\u00e8re soit port\u00e9e \u00e0 la probl\u00e9matique des r\u00e9sidences secondaires pour lesquelles les communes vont conserver une taxe d\u2019habitation. Finalement, nous allons arriver \u00e0 un syst\u00e8me d\u00e9j\u00e0 en vigueur dans plusieurs pays europ\u00e9ens, dont l\u2019Italie, et qui s\u2019y r\u00e9v\u00e8le tr\u00e8s probant en offrant des garanties de revenus importants. De mon c\u00f4t\u00e9, j\u2019ai aussi beaucoup insist\u00e9 afin que la THLV (taxe d\u2019habitation sur les logements vacants), que beaucoup de maires de montagne ont utilis\u00e9e, soit prise en compte par la r\u00e9forme. Je suis donc plut\u00f4t rassur\u00e9 sur l\u2019avenir des finances locales. Franchement, les communes de montagne vont \u00eatre gagnantes. <\/p>\n\n\n\n<p><strong>PLM: Faut-il r\u00e9ellement r\u00e9tribuer tout ce que les territoires de montagne apportent \u00e0 la nation?<\/strong><\/p>\n\n\n\n<p>J.G.: Bien s\u00fbr! Cela a d\u2019ailleurs exist\u00e9 avant la r\u00e9forme de la DGF puisqu\u2019il y avait une dotation sp\u00e9ciale pour les territoires en zone centrale des parcs. Malheureusement, elle a \u00e9t\u00e9 refondue dans la DGF globale. \u00c0 mon niveau, je me suis beaucoup battu pour que soit cr\u00e9\u00e9e une dotation environnementale pour les zones Natura 2000, lesquelles imposent aux communes un certain nombre de prescriptions. C\u2019est un coin \u00e9cologique introduit dans la DGF qu\u2019il faudra encore amplifier dans un proche avenir afin que toutes les am\u00e9nit\u00e9s positives de la montagne soient prises en compte \u00e0 partir de ce qui est une prescription d\u2019\u00c9tat, bien \u00e9videmment. <\/p>\n\n\n\n<div class=\"wp-block-file\"><a href=\"http:\/\/joelgirauddepute.fr\/wp-content\/uploads\/2019\/10\/20191004142251_PLM_308.pdf\">Magazine n\u00b0308 \u00ab\u00a0Pour la Montagne\u00a0\u00bb &#8211; Octobre 2019<\/a><a href=\"http:\/\/joelgirauddepute.fr\/wp-content\/uploads\/2019\/10\/20191004142251_PLM_308.pdf\" class=\"wp-block-file__button\" download>T\u00e9l\u00e9charger<\/a><\/div>\n","protected":false},"excerpt":{"rendered":"<div class=\"mh-excerpt\"><p>Le rapporteur g\u00e9n\u00e9ral du budget se dit rassur\u00e9 sur l\u2019avenir des finances locales. PLM: Quel regard portez-vous aujourd\u2019hui sur la situation des finances locales? Jo\u00ebl <a class=\"mh-excerpt-more\" href=\"http:\/\/joelgirauddepute.fr\/index.php\/2019\/10\/15\/les-collectivites-de-montagne-vont-etre-gagnantes-joel-giraud-pour-la-montagne-magazine\/\" title=\"\u00ab Les collectivit\u00e9s de montagne  vont \u00eatre gagnantes \u00bb Jo\u00ebl Giraud (Pour la Montagne Magazine)\">[&#8230;]<\/a><\/p>\n<\/div>","protected":false},"author":1,"featured_media":5082,"comment_status":"open","ping_status":"open","sticky":false,"template":"","format":"standard","meta":{"footnotes":""},"categories":[1],"tags":[],"class_list":["post-5090","post","type-post","status-publish","format-standard","has-post-thumbnail","hentry","category-non-classe"],"jetpack_featured_media_url":"http:\/\/joelgirauddepute.fr\/wp-content\/uploads\/2019\/10\/JoelGiraudBureauRG.jpg","jetpack_sharing_enabled":true,"jetpack_shortlink":"https:\/\/wp.me\/pabfdt-1k6","_links":{"self":[{"href":"http:\/\/joelgirauddepute.fr\/index.php\/wp-json\/wp\/v2\/posts\/5090","targetHints":{"allow":["GET"]}}],"collection":[{"href":"http:\/\/joelgirauddepute.fr\/index.php\/wp-json\/wp\/v2\/posts"}],"about":[{"href":"http:\/\/joelgirauddepute.fr\/index.php\/wp-json\/wp\/v2\/types\/post"}],"author":[{"embeddable":true,"href":"http:\/\/joelgirauddepute.fr\/index.php\/wp-json\/wp\/v2\/users\/1"}],"replies":[{"embeddable":true,"href":"http:\/\/joelgirauddepute.fr\/index.php\/wp-json\/wp\/v2\/comments?post=5090"}],"version-history":[{"count":1,"href":"http:\/\/joelgirauddepute.fr\/index.php\/wp-json\/wp\/v2\/posts\/5090\/revisions"}],"predecessor-version":[{"id":5092,"href":"http:\/\/joelgirauddepute.fr\/index.php\/wp-json\/wp\/v2\/posts\/5090\/revisions\/5092"}],"wp:featuredmedia":[{"embeddable":true,"href":"http:\/\/joelgirauddepute.fr\/index.php\/wp-json\/wp\/v2\/media\/5082"}],"wp:attachment":[{"href":"http:\/\/joelgirauddepute.fr\/index.php\/wp-json\/wp\/v2\/media?parent=5090"}],"wp:term":[{"taxonomy":"category","embeddable":true,"href":"http:\/\/joelgirauddepute.fr\/index.php\/wp-json\/wp\/v2\/categories?post=5090"},{"taxonomy":"post_tag","embeddable":true,"href":"http:\/\/joelgirauddepute.fr\/index.php\/wp-json\/wp\/v2\/tags?post=5090"}],"curies":[{"name":"wp","href":"https:\/\/api.w.org\/{rel}","templated":true}]}}