{"id":4999,"date":"2019-09-27T18:11:34","date_gmt":"2019-09-27T16:11:34","guid":{"rendered":"http:\/\/joelgirauddepute.fr\/?p=4999"},"modified":"2019-09-27T18:11:42","modified_gmt":"2019-09-27T16:11:42","slug":"verrou-de-bercy-joel-giraud-salue-la-sage-decision-du-conseil-constitutionnel","status":"publish","type":"post","link":"http:\/\/joelgirauddepute.fr\/index.php\/2019\/09\/27\/verrou-de-bercy-joel-giraud-salue-la-sage-decision-du-conseil-constitutionnel\/","title":{"rendered":"\u00ab\u00a0Verrou de Bercy\u00a0\u00bb : Jo\u00ebl Giraud salue la sage d\u00e9cision du Conseil constitutionnel"},"content":{"rendered":"\n<p>Le Conseil constitutionnel, saisi en juillet par le\nConseil d&rsquo;\u00c9tat d&rsquo;une question prioritaire de constitutionnalit\u00e9 pos\u00e9e par\nl&rsquo;AFEP, l&rsquo;Association fran\u00e7aise des entreprises priv\u00e9es, vient de rendre son\nverdict : la loi n\u00b0 2018-898 du 23 octobre 2018 relative \u00e0 la lutte contre la\nfraude qui a r\u00e9organise \u00e0 l&rsquo;article L. 228 du livre des proc\u00e9dures fiscales les\nmodalit\u00e9s de transmission des dossiers de fraude au p\u00e9nal, est bien conforme \u00e0\nla Constitution.<\/p>\n\n\n\n<p>Contrairement \u00e0 ce qu&rsquo;indiquait l&rsquo;AFEP, aucune atteinte\nau principe d&rsquo;\u00e9galit\u00e9 devant la proc\u00e9dure p\u00e9nale n&rsquo;est en effet \u00e0 relever dans\nce texte majeur de la majorit\u00e9 La R\u00e9publique en Marche, qui a fait sauter le\n\u00ab\u00a0verrou de Bercy\u00a0\u00bb l&rsquo;ann\u00e9e derni\u00e8re.<\/p>\n\n\n\n<p>Comme le rappelle le Conseil constitutionnel : \u00ab\u00a0le\nl\u00e9gislateur a entendu soumettre syst\u00e9matiquement au procureur de la R\u00e9publique,\naux fins de poursuites p\u00e9nales, les faits de fraude fiscale les plus graves\ndont a connaissance l&rsquo;administration. \u00c0 cette fin, il a retenu comme crit\u00e8res\nde d\u00e9nonciation obligatoire le fait que les droits \u00e9lud\u00e9s sont sup\u00e9rieurs \u00e0 100\n000 euros et qu&rsquo;ils sont assortis de l&rsquo;une des p\u00e9nalit\u00e9s pr\u00e9vues dans les cas\nsuivants : l&rsquo;opposition \u00e0 contr\u00f4le fiscal ; la d\u00e9couverte d&rsquo;une activit\u00e9\nocculte faisant suite \u00e0 une omission d\u00e9clarative ; l&rsquo;abus de droit ou les\nman\u0153uvres frauduleuses constat\u00e9s au titre d&rsquo;une insuffisance de d\u00e9claration ;\nla rectification \u00e0 raison du d\u00e9faut de d\u00e9claration d&rsquo;avoirs financiers d\u00e9tenus\n\u00e0 l&rsquo;\u00e9tranger ; la taxation forfaitaire \u00e0 partir des \u00e9l\u00e9ments du train de vie en\nlien avec des trafics illicites ou, en cas de r\u00e9it\u00e9ration, le d\u00e9faut de\nd\u00e9claration dans les trente jours suivant la r\u00e9ception d&rsquo;une mise en demeure,\nle manquement d\u00e9lib\u00e9r\u00e9 ou l&rsquo;abus de droit, dans l&rsquo;hypoth\u00e8se o\u00f9 le contribuable\nn&rsquo;a pas eu l&rsquo;initiative principale de cet abus ou n&rsquo;en a pas \u00e9t\u00e9 le principal\nb\u00e9n\u00e9ficiaire. Ces crit\u00e8res, objectifs et rationnels, sont en lien avec le but\npoursuivi par le l\u00e9gislateur.\u00a0\u00bb<\/p>\n\n\n\n<p>Jo\u00ebl Giraud, d\u00e9put\u00e9 des Hautes-Alpes et Rapporteur\ng\u00e9n\u00e9ral de la commission des Finances, salue cette nouvelle victoire juridique de\nla majorit\u00e9 dans la lutte contre la fraude fiscale.<\/p>\n","protected":false},"excerpt":{"rendered":"<div class=\"mh-excerpt\"><p>Le Conseil constitutionnel, saisi en juillet par le Conseil d&rsquo;\u00c9tat d&rsquo;une question prioritaire de constitutionnalit\u00e9 pos\u00e9e par l&rsquo;AFEP, l&rsquo;Association fran\u00e7aise des entreprises priv\u00e9es, vient de <a class=\"mh-excerpt-more\" href=\"http:\/\/joelgirauddepute.fr\/index.php\/2019\/09\/27\/verrou-de-bercy-joel-giraud-salue-la-sage-decision-du-conseil-constitutionnel\/\" title=\"\u00ab\u00a0Verrou de Bercy\u00a0\u00bb : Jo\u00ebl Giraud salue la sage d\u00e9cision du Conseil constitutionnel\">[&#8230;]<\/a><\/p>\n<\/div>","protected":false},"author":1,"featured_media":5000,"comment_status":"open","ping_status":"open","sticky":false,"template":"","format":"standard","meta":{"footnotes":""},"categories":[3,6,20,30,31],"tags":[],"class_list":["post-4999","post","type-post","status-publish","format-standard","has-post-thumbnail","hentry","category-commission","category-communiques","category-finances","category-lrem","category-travaux-legislatifs"],"jetpack_featured_media_url":"http:\/\/joelgirauddepute.fr\/wp-content\/uploads\/2019\/09\/verrou-bercy-696x465.gif","jetpack_sharing_enabled":true,"jetpack_shortlink":"https:\/\/wp.me\/pabfdt-1iD","_links":{"self":[{"href":"http:\/\/joelgirauddepute.fr\/index.php\/wp-json\/wp\/v2\/posts\/4999","targetHints":{"allow":["GET"]}}],"collection":[{"href":"http:\/\/joelgirauddepute.fr\/index.php\/wp-json\/wp\/v2\/posts"}],"about":[{"href":"http:\/\/joelgirauddepute.fr\/index.php\/wp-json\/wp\/v2\/types\/post"}],"author":[{"embeddable":true,"href":"http:\/\/joelgirauddepute.fr\/index.php\/wp-json\/wp\/v2\/users\/1"}],"replies":[{"embeddable":true,"href":"http:\/\/joelgirauddepute.fr\/index.php\/wp-json\/wp\/v2\/comments?post=4999"}],"version-history":[{"count":1,"href":"http:\/\/joelgirauddepute.fr\/index.php\/wp-json\/wp\/v2\/posts\/4999\/revisions"}],"predecessor-version":[{"id":5001,"href":"http:\/\/joelgirauddepute.fr\/index.php\/wp-json\/wp\/v2\/posts\/4999\/revisions\/5001"}],"wp:featuredmedia":[{"embeddable":true,"href":"http:\/\/joelgirauddepute.fr\/index.php\/wp-json\/wp\/v2\/media\/5000"}],"wp:attachment":[{"href":"http:\/\/joelgirauddepute.fr\/index.php\/wp-json\/wp\/v2\/media?parent=4999"}],"wp:term":[{"taxonomy":"category","embeddable":true,"href":"http:\/\/joelgirauddepute.fr\/index.php\/wp-json\/wp\/v2\/categories?post=4999"},{"taxonomy":"post_tag","embeddable":true,"href":"http:\/\/joelgirauddepute.fr\/index.php\/wp-json\/wp\/v2\/tags?post=4999"}],"curies":[{"name":"wp","href":"https:\/\/api.w.org\/{rel}","templated":true}]}}