{"id":4987,"date":"2019-09-27T11:55:41","date_gmt":"2019-09-27T09:55:41","guid":{"rendered":"http:\/\/joelgirauddepute.fr\/?p=4987"},"modified":"2019-09-27T11:55:49","modified_gmt":"2019-09-27T09:55:49","slug":"joel-giraud-a-helsinki-pour-a-la-conference-interparlementaire-sur-la-stabilite-la-coordination-economique-et-la-gouvernance-de-lue","status":"publish","type":"post","link":"http:\/\/joelgirauddepute.fr\/index.php\/2019\/09\/27\/joel-giraud-a-helsinki-pour-a-la-conference-interparlementaire-sur-la-stabilite-la-coordination-economique-et-la-gouvernance-de-lue\/","title":{"rendered":"Jo\u00ebl Giraud \u00e0 Helsinki pour \u00e0 la Conf\u00e9rence interparlementaire sur la stabilit\u00e9, la coordination \u00e9conomique et la gouvernance de l\u2019UE"},"content":{"rendered":"\n<p>Jo\u00ebl Giraud, d\u00e9put\u00e9 des Hautes-Alpes et Rapporteur\ng\u00e9n\u00e9ral de la commission des Finances, s\u2019envole ce week-end \u00e0 Helsinki pour\nparticiper \u00e0 la Conf\u00e9rence interparlementaire sur la stabilit\u00e9, la coordination\n\u00e9conomique et la gouvernance au sein de l\u2019Union europ\u00e9enne (SCEG) qui se tient\nen Finlande. Cette conf\u00e9rence se r\u00e9unit dans le cadre de la troisi\u00e8me\npr\u00e9sidence finlandaise du Conseil de l\u2019Union europ\u00e9enne, apr\u00e8s 1999 et 2006.<\/p>\n\n\n\n<p>L\u2019allocution de bienvenue aux parlementaires nationaux\ndes \u00c9tats-membres sera prononc\u00e9e par Matti Vanhanen, Pr\u00e9sident de l\u2019Eduskunta,\nle Parlement monocam\u00e9ral de la Finlande. La premi\u00e8re session de travail \u00e0\nlaquelle participera le Rapporteur g\u00e9n\u00e9ral Jo\u00ebl Giraud, s\u2019attaquera aux\nquestions de gouvernance \u00e9conomique au moment o\u00f9 les incertitudes li\u00e9es au\nBrexit refont surface apr\u00e8s la d\u00e9cision de la Cour supr\u00eame britannique\nd&rsquo;invalider la suspension du Parlement. Les \u00e9changes des parlementaires\nnationaux responsables des questions financi\u00e8res et budg\u00e9taires, dans ce\ncontexte sp\u00e9cifique, seront nourris par les interventions du Directeur du\nM\u00e9canisme europ\u00e9en de stabilit\u00e9, du Pr\u00e9sident de la commission des affaires\n\u00e9conomiques et mon\u00e9taires du Parlement europ\u00e9en, du Gouverneur de la Banque\nCentrale de Finlande et d\u2019un membre de la commission europ\u00e9enne fra\u00eechement\nnomm\u00e9. Ensuite, le Rapporteur g\u00e9n\u00e9ral participera \u00e0 une conf\u00e9rence\ninterparlementaire sur la croissance et l\u2019emploi dans la zone euro, avec la\nparticipation de l\u2019OCDE et d\u2019universitaires finlandais. La seconde journ\u00e9e de\ntravail sera consacr\u00e9e aux investissements et \u00e0 l\u2019innovation pour la croissance\ndurable.<\/p>\n","protected":false},"excerpt":{"rendered":"<div class=\"mh-excerpt\"><p>Jo\u00ebl Giraud, d\u00e9put\u00e9 des Hautes-Alpes et Rapporteur g\u00e9n\u00e9ral de la commission des Finances, s\u2019envole ce week-end \u00e0 Helsinki pour participer \u00e0 la Conf\u00e9rence interparlementaire sur <a class=\"mh-excerpt-more\" href=\"http:\/\/joelgirauddepute.fr\/index.php\/2019\/09\/27\/joel-giraud-a-helsinki-pour-a-la-conference-interparlementaire-sur-la-stabilite-la-coordination-economique-et-la-gouvernance-de-lue\/\" title=\"Jo\u00ebl Giraud \u00e0 Helsinki pour \u00e0 la Conf\u00e9rence interparlementaire sur la stabilit\u00e9, la coordination \u00e9conomique et la gouvernance de l\u2019UE\">[&#8230;]<\/a><\/p>\n<\/div>","protected":false},"author":1,"featured_media":4988,"comment_status":"open","ping_status":"open","sticky":false,"template":"","format":"standard","meta":{"footnotes":""},"categories":[3,6,37,33,20,31],"tags":[],"class_list":["post-4987","post","type-post","status-publish","format-standard","has-post-thumbnail","hentry","category-commission","category-communiques","category-economie","category-europe","category-finances","category-travaux-legislatifs"],"jetpack_featured_media_url":"http:\/\/joelgirauddepute.fr\/wp-content\/uploads\/2019\/09\/Helsinki-2019.png","jetpack_sharing_enabled":true,"jetpack_shortlink":"https:\/\/wp.me\/pabfdt-1ir","_links":{"self":[{"href":"http:\/\/joelgirauddepute.fr\/index.php\/wp-json\/wp\/v2\/posts\/4987","targetHints":{"allow":["GET"]}}],"collection":[{"href":"http:\/\/joelgirauddepute.fr\/index.php\/wp-json\/wp\/v2\/posts"}],"about":[{"href":"http:\/\/joelgirauddepute.fr\/index.php\/wp-json\/wp\/v2\/types\/post"}],"author":[{"embeddable":true,"href":"http:\/\/joelgirauddepute.fr\/index.php\/wp-json\/wp\/v2\/users\/1"}],"replies":[{"embeddable":true,"href":"http:\/\/joelgirauddepute.fr\/index.php\/wp-json\/wp\/v2\/comments?post=4987"}],"version-history":[{"count":1,"href":"http:\/\/joelgirauddepute.fr\/index.php\/wp-json\/wp\/v2\/posts\/4987\/revisions"}],"predecessor-version":[{"id":4989,"href":"http:\/\/joelgirauddepute.fr\/index.php\/wp-json\/wp\/v2\/posts\/4987\/revisions\/4989"}],"wp:featuredmedia":[{"embeddable":true,"href":"http:\/\/joelgirauddepute.fr\/index.php\/wp-json\/wp\/v2\/media\/4988"}],"wp:attachment":[{"href":"http:\/\/joelgirauddepute.fr\/index.php\/wp-json\/wp\/v2\/media?parent=4987"}],"wp:term":[{"taxonomy":"category","embeddable":true,"href":"http:\/\/joelgirauddepute.fr\/index.php\/wp-json\/wp\/v2\/categories?post=4987"},{"taxonomy":"post_tag","embeddable":true,"href":"http:\/\/joelgirauddepute.fr\/index.php\/wp-json\/wp\/v2\/tags?post=4987"}],"curies":[{"name":"wp","href":"https:\/\/api.w.org\/{rel}","templated":true}]}}