{"id":4980,"date":"2019-09-26T14:00:17","date_gmt":"2019-09-26T12:00:17","guid":{"rendered":"http:\/\/joelgirauddepute.fr\/?p=4980"},"modified":"2019-09-27T17:55:05","modified_gmt":"2019-09-27T15:55:05","slug":"lhomme-qui-a-dit-non-a-la-guerre-en-irak-et-qui-a-reconnu-la-responsabilite-de-la-france-dans-la-shoah-nous-a-quittes","status":"publish","type":"post","link":"http:\/\/joelgirauddepute.fr\/index.php\/2019\/09\/26\/lhomme-qui-a-dit-non-a-la-guerre-en-irak-et-qui-a-reconnu-la-responsabilite-de-la-france-dans-la-shoah-nous-a-quittes\/","title":{"rendered":"L\u2019homme qui a dit non \u00e0 la guerre en Irak et qui a reconnu la responsabilit\u00e9 de la France dans la Shoah nous a quitt\u00e9s"},"content":{"rendered":"\n<p>Jacques Chirac nous a quitt\u00e9s. On ne retiendra pas de l\u2019homme de grandes r\u00e9formes, ou des projets qui marqueront l\u2019Histoire. Mais on retiendra son courage en politique quand tous le trahissaient, ou le croyaient mort, et son immense courage sur la sc\u00e8ne internationale. Le \u00ab\u00a0non\u00a0\u00bb \u00e0 Bush sur la guerre en Irak m\u2019a marqu\u00e9 et l\u2019avenir a d\u00e9montr\u00e9 qu\u2019il avait raison. L\u2019\u00e9mouvante reconnaissance de la responsabilit\u00e9 de la France dans la chasse aux juifs, o\u00f9 les nazis ont trouv\u00e9 tant de complicit\u00e9s dans notre pays, \u00e9tait une page d\u2019histoire et de v\u00e9rit\u00e9. Et puis l\u2019homme \u00e9tait sympathique jusque dans ses bourdes qui le rendaient humain. Il aimait les gens, sans calcul, avec sinc\u00e9rit\u00e9 et son hommage lors du d\u00e9c\u00e8s de Fran\u00e7ois Mitterrand avait l\u2019\u00e9motion des mots justes, qu\u2019on aurait presque pu entendre d\u2019un fils \u00e0 son p\u00e8re.<\/p>\n\n\n\n<p>Article sur <em>ledauphine.com<\/em> : \u00ab\u00a0<a rel=\"noreferrer noopener\" aria-label=\"Mort de Jacques Chirac : r\u00e9actions et hommages dans nos d\u00e9partements (s\u2019ouvre dans un nouvel onglet)\" href=\"https:\/\/www.ledauphine.com\/actualite\/2019\/09\/26\/mort-de-jacques-chirac-reactions-et-hommages-dans-nos-departements\" target=\"_blank\">Mort de Jacques Chirac : r\u00e9actions et hommages dans nos d\u00e9partements<\/a>\u00ab\u00a0<\/p>\n\n\n\n<p>Article sur <em>alpes1.com<\/em> : \u00ab\u00a0<a href=\"http:\/\/alpesdusud.alpes1.com\/news\/region-paca\/79349\/region-hommage-de-la-classe-politique-suite-a-la-disparition-de-jacques-chirac\" target=\"_blank\" rel=\"noreferrer noopener\" aria-label=\"R\u00e9gion : hommage de la classe politique suite \u00e0 la disparition de Jacques Chirac (s\u2019ouvre dans un nouvel onglet)\">R\u00e9gion : hommage de la classe politique suite \u00e0 la disparition de Jacques Chirac<\/a>\u00ab\u00a0<\/p>\n","protected":false},"excerpt":{"rendered":"<div class=\"mh-excerpt\"><p>Jacques Chirac nous a quitt\u00e9s. On ne retiendra pas de l\u2019homme de grandes r\u00e9formes, ou des projets qui marqueront l\u2019Histoire. Mais on retiendra son courage <a class=\"mh-excerpt-more\" href=\"http:\/\/joelgirauddepute.fr\/index.php\/2019\/09\/26\/lhomme-qui-a-dit-non-a-la-guerre-en-irak-et-qui-a-reconnu-la-responsabilite-de-la-france-dans-la-shoah-nous-a-quittes\/\" title=\"L\u2019homme qui a dit non \u00e0 la guerre en Irak et qui a reconnu la responsabilit\u00e9 de la France dans la Shoah nous a quitt\u00e9s\">[&#8230;]<\/a><\/p>\n<\/div>","protected":false},"author":1,"featured_media":4990,"comment_status":"open","ping_status":"open","sticky":false,"template":"","format":"standard","meta":{"footnotes":""},"categories":[1],"tags":[],"class_list":["post-4980","post","type-post","status-publish","format-standard","has-post-thumbnail","hentry","category-non-classe"],"jetpack_featured_media_url":"http:\/\/joelgirauddepute.fr\/wp-content\/uploads\/2019\/09\/JCHIRACSVEIL.jpeg","jetpack_sharing_enabled":true,"jetpack_shortlink":"https:\/\/wp.me\/pabfdt-1ik","_links":{"self":[{"href":"http:\/\/joelgirauddepute.fr\/index.php\/wp-json\/wp\/v2\/posts\/4980","targetHints":{"allow":["GET"]}}],"collection":[{"href":"http:\/\/joelgirauddepute.fr\/index.php\/wp-json\/wp\/v2\/posts"}],"about":[{"href":"http:\/\/joelgirauddepute.fr\/index.php\/wp-json\/wp\/v2\/types\/post"}],"author":[{"embeddable":true,"href":"http:\/\/joelgirauddepute.fr\/index.php\/wp-json\/wp\/v2\/users\/1"}],"replies":[{"embeddable":true,"href":"http:\/\/joelgirauddepute.fr\/index.php\/wp-json\/wp\/v2\/comments?post=4980"}],"version-history":[{"count":3,"href":"http:\/\/joelgirauddepute.fr\/index.php\/wp-json\/wp\/v2\/posts\/4980\/revisions"}],"predecessor-version":[{"id":4993,"href":"http:\/\/joelgirauddepute.fr\/index.php\/wp-json\/wp\/v2\/posts\/4980\/revisions\/4993"}],"wp:featuredmedia":[{"embeddable":true,"href":"http:\/\/joelgirauddepute.fr\/index.php\/wp-json\/wp\/v2\/media\/4990"}],"wp:attachment":[{"href":"http:\/\/joelgirauddepute.fr\/index.php\/wp-json\/wp\/v2\/media?parent=4980"}],"wp:term":[{"taxonomy":"category","embeddable":true,"href":"http:\/\/joelgirauddepute.fr\/index.php\/wp-json\/wp\/v2\/categories?post=4980"},{"taxonomy":"post_tag","embeddable":true,"href":"http:\/\/joelgirauddepute.fr\/index.php\/wp-json\/wp\/v2\/tags?post=4980"}],"curies":[{"name":"wp","href":"https:\/\/api.w.org\/{rel}","templated":true}]}}