{"id":4911,"date":"2019-09-12T18:11:33","date_gmt":"2019-09-12T16:11:33","guid":{"rendered":"http:\/\/joelgirauddepute.fr\/?p=4911"},"modified":"2019-09-18T10:21:32","modified_gmt":"2019-09-18T08:21:32","slug":"lobligation-dequipements-speciaux-de-novembre-a-mars-en-montagne-encore-differee","status":"publish","type":"post","link":"http:\/\/joelgirauddepute.fr\/index.php\/2019\/09\/12\/lobligation-dequipements-speciaux-de-novembre-a-mars-en-montagne-encore-differee\/","title":{"rendered":"L\u2019obligation d\u2019\u00e9quipements sp\u00e9ciaux de novembre \u00e0 mars en montagne encore diff\u00e9r\u00e9e"},"content":{"rendered":"\n<p>Tout \u00e9tait pourtant dans les clous. Le d\u00e9cret r\u00e9dig\u00e9 avait l\u2019avis favorable de toutes les instances\u00a0: Conseil national de la montagne, Conseil national de la s\u00e9curit\u00e9 routi\u00e8re\u2026, les montagnards l\u2019attendaient pour mettre un terme \u00e0 des blocages r\u00e9currents d\u2019axes majeurs avec h\u00e9bergements d\u2019urgence massifs \u00e0 la charge des collectivit\u00e9s, et risques importants pour la s\u00e9curit\u00e9 des personnes et bien non, les transporteurs routiers l\u2019ont encore emport\u00e9 par leur lobbying incessant\u00a0: les \u00e9quipements sp\u00e9ciaux ne seront pas cet hiver obligatoires de novembre \u00e0 mars sur les routes de montagne d\u00e9termin\u00e9es par arr\u00eat\u00e9s pr\u00e9fectoraux.<\/p>\n\n\n\n<p>Le syst\u00e8me est pourtant en\nvigueur dans la plupart des pays voisins comme l\u2019Italie, la Suisse. Quant \u00e0 l\u2019Allemagne,\nla sanction est encore plus dure, c\u2019est la perte des droits \u00e0 l\u2019assurance en\ncas d\u2019accident si les \u00e9quipements ne sont pas adapt\u00e9s. Le pr\u00e9sident de la Commission\npermanente du Conseil national de la montagne (CNM), le d\u00e9put\u00e9 des Hautes-Alpes\net rapporteur g\u00e9n\u00e9ral du budget Jo\u00ebl GIRAUD a rencontr\u00e9 d\u00e9but septembre le\nPremier ministre en personne mais le d\u00e9cret n\u2019est pas sign\u00e9 et le temps de la\nconcertation pour d\u00e9finir les p\u00e9rim\u00e8tres concern\u00e9s est d\u00e9sormais trop court. <\/p>\n\n\n\n<p>\u00ab&nbsp;La gabegie sur les routes de montagne et en particulier dans les Alpes va donc pouvoir se poursuivre&nbsp;\u00bb, tonne Jo\u00ebl GIRAUD, furieux de ce nouveau report, qui fustige les \u00ab&nbsp;lobbys de l\u2019ins\u00e9curit\u00e9 routi\u00e8re&nbsp;\u00bb. Les \u00e9lus de la montagne et les professionnels qui attendent l\u2019application de cette mesure vot\u00e9e en 2016 dans la nouvelle loi montagne ne d\u00e9col\u00e8rent pas et sont \u00e0 l\u2019image de ce fonctionnaire de la Police aux Fronti\u00e8res rencontr\u00e9 ce matin \u00e0 Montgen\u00e8vre (fronti\u00e8re franco-italienne)&nbsp;: \u00ab&nbsp; Les poids lourds continueront \u00e0 se mettre en portefeuille et \u00e0 tout bloquer, c\u2019est la prime \u00e0 l\u2019incivilit\u00e9&nbsp;\u00bb.<\/p>\n\n\n\n<p>Lu sur <em>ledauphine.com<\/em> : <a rel=\"noreferrer noopener\" aria-label=\"Report du d\u00e9cret sur les \u00e9quipements sp\u00e9ciaux&nbsp;: Jo\u00ebl Giraud d\u00e9nonce le lobby \u00ab&nbsp;de l\u2019ins\u00e9curit\u00e9 routi\u00e8re&nbsp;\u00bb   (s\u2019ouvre dans un nouvel onglet)\" href=\"https:\/\/www.ledauphine.com\/hautes-alpes\/2019\/09\/12\/report-du-decret-sur-les-equipements-speciaux-joel-giraud-denonce-le-lobby-de-l-insecurite-routiere\" target=\"_blank\">Report du d\u00e9cret sur les \u00e9quipements sp\u00e9ciaux&nbsp;: Jo\u00ebl Giraud d\u00e9nonce le lobby \u00ab&nbsp;de l\u2019ins\u00e9curit\u00e9 routi\u00e8re&nbsp;\u00bb  <\/a>      <\/p>\n\n\n\n<p>Interview sur <em>dici.fr<\/em> : \u00ab\u00a0<a href=\"https:\/\/www.dici.fr\/actu\/2019\/09\/13\/obligation-equipements-speciaux-depute-joel-giraud-furax-interview-1307931\">Obligation des \u00e9quipements sp\u00e9ciaux, le D\u00e9put\u00e9 Jo\u00ebl Giraud furax<\/a>\u00ab\u00a0<\/p>\n\n\n\n<figure class=\"wp-block-embed-vimeo wp-block-embed is-type-video is-provider-vimeo wp-embed-aspect-16-9 wp-has-aspect-ratio\"><div class=\"wp-block-embed__wrapper\">\n<div class=\"embed-vimeo\" style=\"text-align: center;\"><iframe loading=\"lazy\" src=\"https:\/\/player.vimeo.com\/video\/359970528\" width=\"600\" height=\"338\" frameborder=\"0\" webkitallowfullscreen mozallowfullscreen allowfullscreen><\/iframe><\/div>\n<\/div><figcaption>Interview donn\u00e9e \u00e0 DICITV le 12 septembre 2019<\/figcaption><\/figure>\n","protected":false},"excerpt":{"rendered":"<div class=\"mh-excerpt\"><p>Tout \u00e9tait pourtant dans les clous. Le d\u00e9cret r\u00e9dig\u00e9 avait l\u2019avis favorable de toutes les instances\u00a0: Conseil national de la montagne, Conseil national de la <a class=\"mh-excerpt-more\" href=\"http:\/\/joelgirauddepute.fr\/index.php\/2019\/09\/12\/lobligation-dequipements-speciaux-de-novembre-a-mars-en-montagne-encore-differee\/\" title=\"L\u2019obligation d\u2019\u00e9quipements sp\u00e9ciaux de novembre \u00e0 mars en montagne encore diff\u00e9r\u00e9e\">[&#8230;]<\/a><\/p>\n<\/div>","protected":false},"author":1,"featured_media":4916,"comment_status":"open","ping_status":"open","sticky":false,"template":"","format":"standard","meta":{"footnotes":""},"categories":[1],"tags":[],"class_list":["post-4911","post","type-post","status-publish","format-standard","has-post-thumbnail","hentry","category-non-classe"],"jetpack_featured_media_url":"http:\/\/joelgirauddepute.fr\/wp-content\/uploads\/2019\/09\/IMG_20190202_1758104.jpg","jetpack_sharing_enabled":true,"jetpack_shortlink":"https:\/\/wp.me\/pabfdt-1hd","_links":{"self":[{"href":"http:\/\/joelgirauddepute.fr\/index.php\/wp-json\/wp\/v2\/posts\/4911","targetHints":{"allow":["GET"]}}],"collection":[{"href":"http:\/\/joelgirauddepute.fr\/index.php\/wp-json\/wp\/v2\/posts"}],"about":[{"href":"http:\/\/joelgirauddepute.fr\/index.php\/wp-json\/wp\/v2\/types\/post"}],"author":[{"embeddable":true,"href":"http:\/\/joelgirauddepute.fr\/index.php\/wp-json\/wp\/v2\/users\/1"}],"replies":[{"embeddable":true,"href":"http:\/\/joelgirauddepute.fr\/index.php\/wp-json\/wp\/v2\/comments?post=4911"}],"version-history":[{"count":6,"href":"http:\/\/joelgirauddepute.fr\/index.php\/wp-json\/wp\/v2\/posts\/4911\/revisions"}],"predecessor-version":[{"id":4941,"href":"http:\/\/joelgirauddepute.fr\/index.php\/wp-json\/wp\/v2\/posts\/4911\/revisions\/4941"}],"wp:featuredmedia":[{"embeddable":true,"href":"http:\/\/joelgirauddepute.fr\/index.php\/wp-json\/wp\/v2\/media\/4916"}],"wp:attachment":[{"href":"http:\/\/joelgirauddepute.fr\/index.php\/wp-json\/wp\/v2\/media?parent=4911"}],"wp:term":[{"taxonomy":"category","embeddable":true,"href":"http:\/\/joelgirauddepute.fr\/index.php\/wp-json\/wp\/v2\/categories?post=4911"},{"taxonomy":"post_tag","embeddable":true,"href":"http:\/\/joelgirauddepute.fr\/index.php\/wp-json\/wp\/v2\/tags?post=4911"}],"curies":[{"name":"wp","href":"https:\/\/api.w.org\/{rel}","templated":true}]}}