{"id":4836,"date":"2019-08-13T14:03:37","date_gmt":"2019-08-13T12:03:37","guid":{"rendered":"http:\/\/joelgirauddepute.fr\/?p=4836"},"modified":"2019-08-13T14:42:03","modified_gmt":"2019-08-13T12:42:03","slug":"lu-sur-ledauphine-com-deputes-senateurs-les-ennemis-du-peuple","status":"publish","type":"post","link":"http:\/\/joelgirauddepute.fr\/index.php\/2019\/08\/13\/lu-sur-ledauphine-com-deputes-senateurs-les-ennemis-du-peuple\/","title":{"rendered":"Lu sur ledauphine.com : \u00ab\u00a0D\u00e9put\u00e9s, s\u00e9nateurs, les ennemis du peuple ?\u00a0\u00bb"},"content":{"rendered":"\n<p>Patricia Gallerneau est morte d\u00e9but juillet, \u00e0 l\u2019\u00e2ge de 64 ans, emport\u00e9e par un m\u00e9chant cancer. Qu\u2019on accorde au moins \u00e0 ses proches le droit de se recueillir en paix. Mais non. Ce week-end, en Vend\u00e9e, la permanence de la d\u00e9funte d\u00e9put\u00e9e MoDem a subi d\u2019ind\u00e9centes d\u00e9gradations.<\/p>\n\n\n\n<p>Voici la variante moderne de \u201cJ\u2019irai cracher sur vos tombes\u201d. Les tagueurs anonymes pr\u00e9tendent s\u2019exprimer au nom de Steve, le jeune homme noy\u00e9 \u00e0 Nantes dans des circonstances troubles. Tu parles&nbsp;! La B\u00eatise n\u2019en poss\u00e9dant aucun, c\u2019est le sigle de l\u2019Anarchie qui revendique l\u2019action minable \u00e0 La Roche-sur-Yon. Ni Dieu, ni ma\u00eetre, ni respect pour quiconque. On le remarquait d\u00e9j\u00e0 au printemps, avec le slogan \u201cSuicidez-vous&nbsp;!\u201d lanc\u00e9 \u00e0 la face des jeunes policiers charg\u00e9s d\u2019encadrer les manifestations.<\/p>\n\n\n\n<p>La haine du flic s\u2019accompagne maintenant d\u2019une d\u00e9testation des parlementaires. Lesquels, au dernier sondage, recueillent une \u00ab&nbsp;mauvaise opinion&nbsp;\u00bb chez pr\u00e8s de 70&nbsp;% des Fran\u00e7ais. Comme si les \u00e9carts de quelques brebis galeuses, qui rel\u00e8vent de la justice, suffisaient \u00e0 discr\u00e9diter tout le \u201ctroupeau politique\u201d.<\/p>\n\n\n\n<p>Le rejet global des \u00e9lus, maires except\u00e9s, met \u00e0 mal le socle r\u00e9publicain d\u00e9j\u00e0 fragilis\u00e9 par mille et une secousses. Emmanuel Macron, par le dialogue et l\u2019empathie que promettait sa campagne, ferait bien de vite resserrer les rangs de la Nation. Sinon\u2026<\/p>\n\n\n\n<p>O\u00f9 va une d\u00e9mocratie, quand le peuple en vient \u00e0 ne plus reconna\u00eetre ses repr\u00e9sentants&nbsp;? Peut-\u00eatre vers un sc\u00e9nario \u00e0 l\u2019Italienne. Dans la Botte, le m\u00e9pris vis-\u00e0-vis de la classe dirigeante tourne au vinaigre. Un populiste sans vergogne y r\u00e9clame d\u00e9sormais les \u00ab&nbsp;pleins pouvoirs&nbsp;\u00bb. Demain, si son coup r\u00e9ussit, on l\u2019appellera Benito.<\/p>\n\n\n\n<p><em>Par Gilles Dibernardi<\/em><\/p>\n\n\n\n<p>Article original \u00e0 retrouver <a rel=\"noreferrer noopener\" aria-label=\"ici (s\u2019ouvre dans un nouvel onglet)\" href=\"https:\/\/www.ledauphine.com\/actualite\/2019\/08\/13\/deputes-senateurs-les-ennemis-du-peuple\" target=\"_blank\">ici<\/a> <\/p>\n","protected":false},"excerpt":{"rendered":"<div class=\"mh-excerpt\"><p>Patricia Gallerneau est morte d\u00e9but juillet, \u00e0 l\u2019\u00e2ge de 64 ans, emport\u00e9e par un m\u00e9chant cancer. Qu\u2019on accorde au moins \u00e0 ses proches le droit <a class=\"mh-excerpt-more\" href=\"http:\/\/joelgirauddepute.fr\/index.php\/2019\/08\/13\/lu-sur-ledauphine-com-deputes-senateurs-les-ennemis-du-peuple\/\" title=\"Lu sur ledauphine.com : \u00ab\u00a0D\u00e9put\u00e9s, s\u00e9nateurs, les ennemis du peuple ?\u00a0\u00bb\">[&#8230;]<\/a><\/p>\n<\/div>","protected":false},"author":1,"featured_media":4837,"comment_status":"open","ping_status":"open","sticky":false,"template":"","format":"standard","meta":{"footnotes":""},"categories":[1],"tags":[],"class_list":["post-4836","post","type-post","status-publish","format-standard","has-post-thumbnail","hentry","category-non-classe"],"jetpack_featured_media_url":"http:\/\/joelgirauddepute.fr\/wp-content\/uploads\/2019\/08\/Non-a\u0300-la-banalisation-de-la-violence-contre-les-e\u0301lus.jpeg","jetpack_sharing_enabled":true,"jetpack_shortlink":"https:\/\/wp.me\/pabfdt-1g0","_links":{"self":[{"href":"http:\/\/joelgirauddepute.fr\/index.php\/wp-json\/wp\/v2\/posts\/4836","targetHints":{"allow":["GET"]}}],"collection":[{"href":"http:\/\/joelgirauddepute.fr\/index.php\/wp-json\/wp\/v2\/posts"}],"about":[{"href":"http:\/\/joelgirauddepute.fr\/index.php\/wp-json\/wp\/v2\/types\/post"}],"author":[{"embeddable":true,"href":"http:\/\/joelgirauddepute.fr\/index.php\/wp-json\/wp\/v2\/users\/1"}],"replies":[{"embeddable":true,"href":"http:\/\/joelgirauddepute.fr\/index.php\/wp-json\/wp\/v2\/comments?post=4836"}],"version-history":[{"count":4,"href":"http:\/\/joelgirauddepute.fr\/index.php\/wp-json\/wp\/v2\/posts\/4836\/revisions"}],"predecessor-version":[{"id":4848,"href":"http:\/\/joelgirauddepute.fr\/index.php\/wp-json\/wp\/v2\/posts\/4836\/revisions\/4848"}],"wp:featuredmedia":[{"embeddable":true,"href":"http:\/\/joelgirauddepute.fr\/index.php\/wp-json\/wp\/v2\/media\/4837"}],"wp:attachment":[{"href":"http:\/\/joelgirauddepute.fr\/index.php\/wp-json\/wp\/v2\/media?parent=4836"}],"wp:term":[{"taxonomy":"category","embeddable":true,"href":"http:\/\/joelgirauddepute.fr\/index.php\/wp-json\/wp\/v2\/categories?post=4836"},{"taxonomy":"post_tag","embeddable":true,"href":"http:\/\/joelgirauddepute.fr\/index.php\/wp-json\/wp\/v2\/tags?post=4836"}],"curies":[{"name":"wp","href":"https:\/\/api.w.org\/{rel}","templated":true}]}}