{"id":4780,"date":"2019-07-19T19:52:41","date_gmt":"2019-07-19T17:52:41","guid":{"rendered":"http:\/\/joelgirauddepute.fr\/?p=4780"},"modified":"2019-07-25T10:29:12","modified_gmt":"2019-07-25T08:29:12","slug":"le-president-national-des-chambres-de-metiers-et-de-lartisanat-bernard-stalter-en-visite-a-briancon-pour-soutenir-la-revitalisation-de-la-cite-vauban-dans-le-cadre-du-programme-national","status":"publish","type":"post","link":"http:\/\/joelgirauddepute.fr\/index.php\/2019\/07\/19\/le-president-national-des-chambres-de-metiers-et-de-lartisanat-bernard-stalter-en-visite-a-briancon-pour-soutenir-la-revitalisation-de-la-cite-vauban-dans-le-cadre-du-programme-national\/","title":{"rendered":"Le Pr\u00e9sident national des Chambres de M\u00e9tiers et de l\u2019Artisanat, Bernard Stalter, en visite \u00e0 Brian\u00e7on pour soutenir la revitalisation de la Cit\u00e9 Vauban dans le cadre du programme national \u00ab Action c\u0153ur de Ville \u00bb"},"content":{"rendered":"\n<p>Jo\u00ebl Giraud, le rapporteur g\u00e9n\u00e9ral du budget et d\u00e9put\u00e9 des Hautes-Alpes, \u00e9tait aux c\u00f4t\u00e9s de G\u00e9rard Fromm, maire de Brian\u00e7on, et Chantal Garcin, Pr\u00e9sidente de la d\u00e9l\u00e9gation des Hautes-Alpes de la CMA Provence-Alpes-C\u00f4te d\u2019Azur, pour accueillir \u00e0 Brian\u00e7on ce jeudi 18 juillet, Bernard Stalter, Pr\u00e9sident de la Chambre nationale des m\u00e9tiers et de l\u2019artisanat \u2013 CMA France. Objectifs de cette visite : la pr\u00e9sentation du projet \u00ab Brian\u00e7on Vauban \u2013 Cit\u00e9 des arts \u00bb int\u00e9grant les m\u00e9tiers d\u2019art dans sa politique de redynamisation de la cit\u00e9 Vauban dans le cadre du programme national \u00ab Action C\u0153ur de Ville \u00bb.<\/p>\n\n\n\n<p>Les \u00e9lus du territoire et les \u00e9lus de CMA France, qui partagent une ambition commune pour la Cit\u00e9 Vauban, \u00e9taient accompagn\u00e9s \u00e0 cette occasion par Philippe Hupp\u00e9, d\u00e9put\u00e9 de la 5\u00e8me circonscription de l\u2019H\u00e9rault, dans le cadre de sa mission destin\u00e9e \u00e0 formuler des propositions pour \u00ab pr\u00e9server et d\u00e9velopper en France les m\u00e9tiers d\u2019art et du patrimoine vivant \u00bb.<\/p>\n\n\n\n<p>La volont\u00e9 commune de l\u2019Etat et de CMA France d\u2019int\u00e9grer dans les politiques de redynamisation des centres-villes du plan Action C\u0153ur de Ville une dimension \u00ab m\u00e9tiers d\u2019art \u00bb repr\u00e9sente une formidable opportunit\u00e9 pour la Ville de Brian\u00e7on qui porte l\u2019ambition de revitaliser la cit\u00e9 Vauban par l\u2019art et le d\u00e9veloppement d\u2019une offre touristique culturelle.<\/p>\n\n\n\n<p>De l\u2019aveu m\u00eame de Bernard Stalter, sa venue \u00e0 Brian\u00e7on s\u2019est impos\u00e9e naturellement car Brian\u00e7on fait partie des villes b\u00e9n\u00e9ficiant du programme \u00ab Action Coeur de Ville \u00bb o\u00f9 l\u2019artisanat est fortement investi. Au-del\u00e0 du d\u00e9veloppement des m\u00e9tiers d\u2019art dans la cit\u00e9 Vauban, c\u2019est bien le d\u00e9veloppement \u00e9conomique et touristique de la cit\u00e9 historique par les m\u00e9tiers d\u2019art qu\u2019il convient de viser.<\/p>\n\n\n\n<p>Autre volet important d\u00e9fendu par le d\u00e9put\u00e9 Philippe Hupp\u00e9 et Bernard Stalter : celui de la formation pour assurer la transmission des savoir-faire d\u2019exception port\u00e9s par les artisans d\u2019art. Or les m\u00e9tiers d\u2019art ne comptent pas suffisamment d\u2019apprentis, et l\u2019apprentissage a trop longtemps \u00e9t\u00e9 d\u00e9valoris\u00e9.<\/p>\n\n\n\n<p>C\u2019est pourquoi, Bernard Stalter souhaite redonner toutes ses lettres de noblesse \u00e0 l\u2019apprentissage et saisir l\u2019\u00e9coute actuelle du gouvernement pour d\u00e9velopper l\u2019\u00e9conomie de proximit\u00e9 et l\u2019activit\u00e9 artisanale. Il plaide notamment en faveur du d\u00e9veloppement d\u2019un centre de formation et d\u2019apprentissage sur les m\u00e9tiers du Patrimoine. G\u00e9rard Fromm a saisi l\u2019occasion pour relancer son souhait d\u2019implanter \u00e0 Brian\u00e7on un centre de formation aux m\u00e9tiers d\u2019art et du b\u00e2timent dont la sp\u00e9cificit\u00e9 justifie et garantit leur localisation dans le Brian\u00e7onnais afin de stopper l\u2019exode de nos jeunes qui, faute de formation sur place, quittent le territoire (et n\u2019y reviennent que rarement). Celui-ci permettrait notamment d\u2019\u00e9viter que les montants importants investis depuis 10 ans sur les chantiers de restauration du Patrimoine Vauban -pr\u00e8s de 20 millions d\u2019euros- \u00e9chappent aux entreprises locales.<\/p>\n\n\n\n<p>Apr\u00e8s une r\u00e9union d\u2019\u00e9changes \u00e0 l\u2019h\u00f4tel de ville et une pr\u00e9sentation du projet \u00ab Brian\u00e7on-Vauban cit\u00e9 des Arts \u00bb par Madame Pancaldi, la d\u00e9l\u00e9gation est ensuite all\u00e9e sur le terrain \u00e0 la rencontre des artisans qui font vivre la cit\u00e9 Vauban.<\/p>\n\n\n\n<p>Parmi les artisans rencontr\u00e9s, Nicole Goeller, c\u00e9ramiste qui a pu s\u2019installer r\u00e9cemment dans un local commercial vacant de la Gargouille gr\u00e2ce \u00e0 la dynamique initi\u00e9e par le projet \u00ab Cit\u00e9 des arts \u00bb. En amor\u00e7ant l\u2019installation de premiers artistes et artisans, la municipalit\u00e9 souhaite cr\u00e9er une \u00e9mulation qui fera effet boule de neige. : redonner vie aux friches commerciales tout en valorisant des talents et savoir-faire qui font la richesse de notre ville.<\/p>\n\n\n\n<p>La visite de l\u2019atelier de menuiserie Prouv\u00e9 et la rencontre avec Thierry Ollagnier, parrain du projet \u00ab cit\u00e9 des Arts \u00bb, ont notamment permis d\u2019\u00e9voquer avec eux les probl\u00e9matiques de transmission et d\u2019accompagnement des artisans trop souvent isol\u00e9s.<\/p>\n\n\n\n<p>La d\u00e9l\u00e9gation a ensuite poursuivi ses rencontres avec plusieurs artisans de Sainte Catherine (Place de l\u2019Europe et rue Centrale) qui participent au quotidien \u00e0 la redynamisation du centre-ville de Brian\u00e7on, avant de terminer par une visite du p\u00f4le d\u2019innovation \u00e9conomique Altipolis au sein de l\u2019\u00e9co-quartier du c\u0153ur de ville de Brian\u00e7on o\u00f9 se d\u00e9roulent les \u00ab caf\u00e9s cr\u00e9ation \u00bb fruit d\u2019un partenariat entre la D\u00e9l\u00e9gation Hautes-Alpes de la CMAR PACA, et la communaut\u00e9 de communes du Brian\u00e7onnais.<\/p>\n\n\n\n<p>Le d\u00e9put\u00e9 des Hautes-Alpes remercie bien \u00e9videmment M. Stalter pour sa visite qui est un signal important pour donner aux m\u00e9tiers d\u2019art toute leur place dans le projet \u00ab C\u0153ur de Ville \u00bb mais \u00e9galement M. le Maire, G\u00e9rard Fromm, pour son engagement ind\u00e9fectible au service de sa ville et de ses habitants. Il salue aussi le travail formidable de Anne et Catherine Pancaldi, respectivement artiste peintre et pr\u00e9sidente de l\u2019Acad\u00e9mie Majeure des arts contemporains alpins, qui ont \u00e9norm\u00e9ment \u0153uvr\u00e9 pour que ce projet puisse voir le jour et prenne aujourd\u2019hui forme,&nbsp;sans oublier tous les artisans et artistes qui&nbsp;en&nbsp;sont le&nbsp;moteur. Il est certain que cette journ\u00e9e est un grand pas pour lancer d\u00e9finitivement ce beau projet, convaincre les repr\u00e9sentants de CMA France de sa pertinence, et \u00e0 terme redonner toute son attractivit\u00e9 \u00e0 la cit\u00e9 historique de Brian\u00e7on.<\/p>\n\n\n\n<figure class=\"wp-block-image\"><img loading=\"lazy\" decoding=\"async\" width=\"1024\" height=\"768\" src=\"http:\/\/joelgirauddepute.fr\/wp-content\/uploads\/2019\/07\/20190718_153923-1024x768.jpg\" alt=\"\" class=\"wp-image-4782\" srcset=\"http:\/\/joelgirauddepute.fr\/wp-content\/uploads\/2019\/07\/20190718_153923-1024x768.jpg 1024w, http:\/\/joelgirauddepute.fr\/wp-content\/uploads\/2019\/07\/20190718_153923-300x225.jpg 300w, http:\/\/joelgirauddepute.fr\/wp-content\/uploads\/2019\/07\/20190718_153923-768x576.jpg 768w, http:\/\/joelgirauddepute.fr\/wp-content\/uploads\/2019\/07\/20190718_153923-678x509.jpg 678w, http:\/\/joelgirauddepute.fr\/wp-content\/uploads\/2019\/07\/20190718_153923-326x245.jpg 326w, http:\/\/joelgirauddepute.fr\/wp-content\/uploads\/2019\/07\/20190718_153923-80x60.jpg 80w\" sizes=\"auto, (max-width: 1024px) 100vw, 1024px\" \/><figcaption>La d\u00e9l\u00e9gation a rendu visite \u00e0 l&rsquo;artisan-boulanger Mickael Laurent en d\u00e9but d&rsquo;apr\u00e8s-midi<\/figcaption><\/figure>\n\n\n\n<figure class=\"wp-block-image\"><img loading=\"lazy\" decoding=\"async\" width=\"1024\" height=\"768\" src=\"http:\/\/joelgirauddepute.fr\/wp-content\/uploads\/2019\/07\/20190718_154855-1024x768.jpg\" alt=\"\" class=\"wp-image-4785\" srcset=\"http:\/\/joelgirauddepute.fr\/wp-content\/uploads\/2019\/07\/20190718_154855-1024x768.jpg 1024w, http:\/\/joelgirauddepute.fr\/wp-content\/uploads\/2019\/07\/20190718_154855-300x225.jpg 300w, http:\/\/joelgirauddepute.fr\/wp-content\/uploads\/2019\/07\/20190718_154855-768x576.jpg 768w, http:\/\/joelgirauddepute.fr\/wp-content\/uploads\/2019\/07\/20190718_154855-678x509.jpg 678w, http:\/\/joelgirauddepute.fr\/wp-content\/uploads\/2019\/07\/20190718_154855-326x245.jpg 326w, http:\/\/joelgirauddepute.fr\/wp-content\/uploads\/2019\/07\/20190718_154855-80x60.jpg 80w\" sizes=\"auto, (max-width: 1024px) 100vw, 1024px\" \/><figcaption>La patisserie d&rsquo;Isabelle Braye, comme suite logique.<\/figcaption><\/figure>\n\n\n\n<figure class=\"wp-block-image\"><img loading=\"lazy\" decoding=\"async\" width=\"768\" height=\"1024\" src=\"http:\/\/joelgirauddepute.fr\/wp-content\/uploads\/2019\/07\/20190718_160346-e1563558199521-768x1024.jpg\" alt=\"\" class=\"wp-image-4784\" srcset=\"http:\/\/joelgirauddepute.fr\/wp-content\/uploads\/2019\/07\/20190718_160346-e1563558199521-768x1024.jpg 768w, http:\/\/joelgirauddepute.fr\/wp-content\/uploads\/2019\/07\/20190718_160346-e1563558199521-225x300.jpg 225w\" sizes=\"auto, (max-width: 768px) 100vw, 768px\" \/><figcaption>L&rsquo;impressionnant atelier de la laine et tricot de Mme Nathalie Philip, haut en couleurs !<\/figcaption><\/figure>\n\n\n\n<figure class=\"wp-block-image\"><img loading=\"lazy\" decoding=\"async\" width=\"768\" height=\"1024\" src=\"http:\/\/joelgirauddepute.fr\/wp-content\/uploads\/2019\/07\/20190718_132250-e1563558376455-768x1024.jpg\" alt=\"\" class=\"wp-image-4786\" srcset=\"http:\/\/joelgirauddepute.fr\/wp-content\/uploads\/2019\/07\/20190718_132250-e1563558376455-768x1024.jpg 768w, http:\/\/joelgirauddepute.fr\/wp-content\/uploads\/2019\/07\/20190718_132250-e1563558376455-225x300.jpg 225w\" sizes=\"auto, (max-width: 768px) 100vw, 768px\" \/><figcaption>Apr\u00e8s \u00eatre all\u00e9 dans la Poterie \u00e9ph\u00e9m\u00e8re de la grande gargouille, la d\u00e9l\u00e9gation s&rsquo;est rendu chez M. Prouv\u00e9, dans son atelier de menuiserie, dans le quartier de la petite gargouille<\/figcaption><\/figure>\n\n\n\n<figure class=\"wp-block-image\"><img loading=\"lazy\" decoding=\"async\" width=\"1024\" height=\"768\" src=\"http:\/\/joelgirauddepute.fr\/wp-content\/uploads\/2019\/07\/20190718_173403-1024x768.jpg\" alt=\"\" class=\"wp-image-4781\" srcset=\"http:\/\/joelgirauddepute.fr\/wp-content\/uploads\/2019\/07\/20190718_173403-1024x768.jpg 1024w, http:\/\/joelgirauddepute.fr\/wp-content\/uploads\/2019\/07\/20190718_173403-300x225.jpg 300w, http:\/\/joelgirauddepute.fr\/wp-content\/uploads\/2019\/07\/20190718_173403-768x576.jpg 768w, http:\/\/joelgirauddepute.fr\/wp-content\/uploads\/2019\/07\/20190718_173403-678x509.jpg 678w, http:\/\/joelgirauddepute.fr\/wp-content\/uploads\/2019\/07\/20190718_173403-326x245.jpg 326w, http:\/\/joelgirauddepute.fr\/wp-content\/uploads\/2019\/07\/20190718_173403-80x60.jpg 80w\" sizes=\"auto, (max-width: 1024px) 100vw, 1024px\" \/><figcaption>La journ\u00e9e s&rsquo;est termin\u00e9e chez Virgin Coiffure, vous prendrez bien une petite coupe ?<\/figcaption><\/figure>\n\n\n\n<p>Lu sur <em>Alpes1.com<\/em> : \u00ab\u00a0<a href=\"http:\/\/alpesdusud.alpes1.com\/news\/hautes-alpes\/78380\/hautes-alpes-le-president-national-des-chambres-des-metiers-en-visite-a-briancon\">Hautes-Alpes\u00a0: le Pr\u00e9sident national des chambres des m\u00e9tiers en visite \u00e0 Brian\u00e7on<\/a>\u00ab\u00a0<\/p>\n\n\n\n<p>Lu sur <em>Alpes&amp;Midi<\/em> : \u00ab\u00a0<a href=\"https:\/\/www.alpes-et-midi.fr\/article\/visite-president-national-cma\" target=\"_blank\" rel=\"noreferrer noopener\" aria-label=\"Visite du Pr\u00e9sident National des CMA (s\u2019ouvre dans un nouvel onglet)\">Visite du Pr\u00e9sident National des CMA<\/a>\u00ab\u00a0<\/p>\n","protected":false},"excerpt":{"rendered":"<div class=\"mh-excerpt\"><p>Jo\u00ebl Giraud, le rapporteur g\u00e9n\u00e9ral du budget et d\u00e9put\u00e9 des Hautes-Alpes, \u00e9tait aux c\u00f4t\u00e9s de G\u00e9rard Fromm, maire de Brian\u00e7on, et Chantal Garcin, Pr\u00e9sidente de <a class=\"mh-excerpt-more\" href=\"http:\/\/joelgirauddepute.fr\/index.php\/2019\/07\/19\/le-president-national-des-chambres-de-metiers-et-de-lartisanat-bernard-stalter-en-visite-a-briancon-pour-soutenir-la-revitalisation-de-la-cite-vauban-dans-le-cadre-du-programme-national\/\" title=\"Le Pr\u00e9sident national des Chambres de M\u00e9tiers et de l\u2019Artisanat, Bernard Stalter, en visite \u00e0 Brian\u00e7on pour soutenir la revitalisation de la Cit\u00e9 Vauban dans le cadre du programme national \u00ab Action c\u0153ur de Ville \u00bb\">[&#8230;]<\/a><\/p>\n<\/div>","protected":false},"author":1,"featured_media":4783,"comment_status":"open","ping_status":"open","sticky":false,"template":"","format":"standard","meta":{"footnotes":""},"categories":[1],"tags":[],"class_list":["post-4780","post","type-post","status-publish","format-standard","has-post-thumbnail","hentry","category-non-classe"],"jetpack_featured_media_url":"http:\/\/joelgirauddepute.fr\/wp-content\/uploads\/2019\/07\/Image-1.jpg","jetpack_sharing_enabled":true,"jetpack_shortlink":"https:\/\/wp.me\/pabfdt-1f6","_links":{"self":[{"href":"http:\/\/joelgirauddepute.fr\/index.php\/wp-json\/wp\/v2\/posts\/4780","targetHints":{"allow":["GET"]}}],"collection":[{"href":"http:\/\/joelgirauddepute.fr\/index.php\/wp-json\/wp\/v2\/posts"}],"about":[{"href":"http:\/\/joelgirauddepute.fr\/index.php\/wp-json\/wp\/v2\/types\/post"}],"author":[{"embeddable":true,"href":"http:\/\/joelgirauddepute.fr\/index.php\/wp-json\/wp\/v2\/users\/1"}],"replies":[{"embeddable":true,"href":"http:\/\/joelgirauddepute.fr\/index.php\/wp-json\/wp\/v2\/comments?post=4780"}],"version-history":[{"count":4,"href":"http:\/\/joelgirauddepute.fr\/index.php\/wp-json\/wp\/v2\/posts\/4780\/revisions"}],"predecessor-version":[{"id":4810,"href":"http:\/\/joelgirauddepute.fr\/index.php\/wp-json\/wp\/v2\/posts\/4780\/revisions\/4810"}],"wp:featuredmedia":[{"embeddable":true,"href":"http:\/\/joelgirauddepute.fr\/index.php\/wp-json\/wp\/v2\/media\/4783"}],"wp:attachment":[{"href":"http:\/\/joelgirauddepute.fr\/index.php\/wp-json\/wp\/v2\/media?parent=4780"}],"wp:term":[{"taxonomy":"category","embeddable":true,"href":"http:\/\/joelgirauddepute.fr\/index.php\/wp-json\/wp\/v2\/categories?post=4780"},{"taxonomy":"post_tag","embeddable":true,"href":"http:\/\/joelgirauddepute.fr\/index.php\/wp-json\/wp\/v2\/tags?post=4780"}],"curies":[{"name":"wp","href":"https:\/\/api.w.org\/{rel}","templated":true}]}}