{"id":4705,"date":"2019-07-10T17:42:07","date_gmt":"2019-07-10T15:42:07","guid":{"rendered":"http:\/\/joelgirauddepute.fr\/?p=4705"},"modified":"2019-07-10T17:42:15","modified_gmt":"2019-07-10T15:42:15","slug":"budget-apres-levaluation-lassemblee-veut-challenger-le-gouvernement-sur-le-suivi-afp","status":"publish","type":"post","link":"http:\/\/joelgirauddepute.fr\/index.php\/2019\/07\/10\/budget-apres-levaluation-lassemblee-veut-challenger-le-gouvernement-sur-le-suivi-afp\/","title":{"rendered":"Budget: apr\u00e8s l&rsquo;\u00e9valuation, l&rsquo;Assembl\u00e9e veut \u00ab\u00a0challenger\u00a0\u00bb le gouvernement sur le suivi (AFP)"},"content":{"rendered":"\n<p>Paris, 9 juil 2019 (AFP)<\/p>\n\n\n\n<p>\u00a9 2019 AFP<\/p>\n\n\n\n<p>L&rsquo;Assembl\u00e9e nationale a clos mardi la deuxi\u00e8me \u00e9dition du \u00ab\u00a0printemps de l&rsquo;\u00e9valuation\u00a0\u00bb par la publication d&rsquo;un rapport in\u00e9dit sur les politiques publiques, et entend d\u00e9sormais \u00ab\u00a0challenger\u00a0\u00bb le gouvernement sur son suivi, a expliqu\u00e9 le pr\u00e9sident de la commission des Finances Eric Woerth (LR).<\/p>\n\n\n\n<p>Initi\u00e9 l&rsquo;an pass\u00e9, le \u00ab\u00a0printemps de l&rsquo;\u00e9valuation\u00a0\u00bb vise \u00e0 renforcer l&rsquo;\u00e9valuation des politiques publiques en s&rsquo;assurant que les cr\u00e9dits sont utilis\u00e9s efficacement et le cas \u00e9ch\u00e9ant en sugg\u00e9rant des ajustements.<\/p>\n\n\n\n<p>L&rsquo;\u00e9valuation des politiques publiques \u00ab\u00a0doit \u00eatre un outil d&rsquo;aide \u00e0 la d\u00e9cision publique, de pilotage et non de pilonnage\u00a0\u00bb, affirme le pr\u00e9sident de l&rsquo;Assembl\u00e9e Richard Ferrand (LREM) dans l&rsquo;avant-propos du rapport de 192 pages pr\u00e9sent\u00e9 mardi.<\/p>\n\n\n\n<p>Le document synth\u00e9tise les travaux men\u00e9s par 45 rapporteurs sp\u00e9ciaux, de\ntous bords, qui ont oeuvr\u00e9 sur un th\u00e8me de leur choix en proc\u00e9dant \u00e0 enqu\u00eates\net auditions, notamment de ministres.Agriculture et alimentation, justice, sport, enseignement scolaire, niches\nfiscales, emploi des forces militaires, immigration&#8230; le panel de sujets\nd&rsquo;\u00e9tude est vaste.<\/p>\n\n\n\n<p>Les travaux ont notamment permis de mettre en lumi\u00e8re des difficult\u00e9s de\nbudg\u00e9tisation, certaines missions n&rsquo;ayant pas consomm\u00e9 tous leurs cr\u00e9dits.\nC&rsquo;est le cas notamment de la mission \u00ab\u00a0Outre-mer\u00a0\u00bb ou du programme\n\u00ab\u00a0Sport\u00a0\u00bb.<\/p>\n\n\n\n<p>D\u00e9sormais, ce rapport \u00ab\u00a0a pour vocation de devenir le rapport d&rsquo;\u00e9valuation\ndes politiques publiques (unique) \u00e9mis par l&rsquo;Assembl\u00e9e nationale\u00a0\u00bb et doit\n\u00ab\u00a0\u00eatre annuel\u00a0\u00bb, a affirm\u00e9 M. Woerth lors d&rsquo;un point presse.<\/p>\n\n\n\n<p>Et les conclusions, issues des travaux, \u00ab\u00a0doivent faire l&rsquo;objet d&rsquo;un\nsuivi sinon cela n&rsquo;a pas de sens\u00a0\u00bb, a-t-il soulign\u00e9, estimant que \u00ab\u00a0le\ngouvernement doit \u00eatre challeng\u00e9 sur le suivi\u00a0\u00bb.<\/p>\n\n\n\n<p>\u00ab\u00a0La majorit\u00e9 ne doit pas \u00eatre totalement +Bisounours+ avec le\ngouvernement dont elle est issue et l&rsquo;opposition ne doit pas \u00eatre\ncaricaturale\u00a0\u00bb, a-t-il ajout\u00e9, plaidant pour que l&rsquo;\u00e9valuation soit\n\u00ab\u00a0apolitique\u00a0\u00bb.<\/p>\n\n\n\n<p>Ce document, c&rsquo;est \u00ab\u00a0un rapport de force\u00a0\u00bb, a rench\u00e9ri le rapporteur\ng\u00e9n\u00e9ral du Budget Jo\u00ebl Giraud (LREM), expliquant que certains travaux men\u00e9s\nl&rsquo;an pass\u00e9 dans ce cadre avaient permis d&rsquo;influer sur le budget.<\/p>\n\n\n\n<p>L&rsquo;\u00e9lu des Hautes-Alpes a cit\u00e9 la proposition de r\u00e9solution de Laurent\nSaint-Martin (LREM), \u00ab\u00a0pour une r\u00e9vision g\u00e9n\u00e9rale des taxes \u00e0 faible\nrendement\u00a0\u00bb, qui a favoris\u00e9 \u00ab\u00a0la suppression de plusieurs petites\ntaxes\u00a0\u00bb dans le cadre du projet de loi de finances pour 2019.<\/p>\n\n\n\n<p>Il s&rsquo;agissait notamment de la taxe sur les farines, \u00ab\u00a0contribution aux\npoin\u00e7onnages et essai de m\u00e9taux pr\u00e9cieux\u00a0\u00bb, ou encore de la taxe sur\n\u00ab\u00a0l&rsquo;ajout de sucre \u00e0 la vendange\u00a0\u00bb.<\/p>\n","protected":false},"excerpt":{"rendered":"<div class=\"mh-excerpt\"><p>Paris, 9 juil 2019 (AFP) \u00a9 2019 AFP L&rsquo;Assembl\u00e9e nationale a clos mardi la deuxi\u00e8me \u00e9dition du \u00ab\u00a0printemps de l&rsquo;\u00e9valuation\u00a0\u00bb par la publication d&rsquo;un rapport <a class=\"mh-excerpt-more\" href=\"http:\/\/joelgirauddepute.fr\/index.php\/2019\/07\/10\/budget-apres-levaluation-lassemblee-veut-challenger-le-gouvernement-sur-le-suivi-afp\/\" title=\"Budget: apr\u00e8s l&rsquo;\u00e9valuation, l&rsquo;Assembl\u00e9e veut \u00ab\u00a0challenger\u00a0\u00bb le gouvernement sur le suivi (AFP)\">[&#8230;]<\/a><\/p>\n<\/div>","protected":false},"author":1,"featured_media":4706,"comment_status":"open","ping_status":"open","sticky":false,"template":"","format":"standard","meta":{"footnotes":""},"categories":[3,20,14,30,22,31],"tags":[],"class_list":["post-4705","post","type-post","status-publish","format-standard","has-post-thumbnail","hentry","category-commission","category-finances","category-interventions-au-gouvernement","category-lrem","category-revue-de-presse","category-travaux-legislatifs"],"jetpack_featured_media_url":"http:\/\/joelgirauddepute.fr\/wp-content\/uploads\/2019\/07\/AN_211604.jpg","jetpack_sharing_enabled":true,"jetpack_shortlink":"https:\/\/wp.me\/pabfdt-1dT","_links":{"self":[{"href":"http:\/\/joelgirauddepute.fr\/index.php\/wp-json\/wp\/v2\/posts\/4705","targetHints":{"allow":["GET"]}}],"collection":[{"href":"http:\/\/joelgirauddepute.fr\/index.php\/wp-json\/wp\/v2\/posts"}],"about":[{"href":"http:\/\/joelgirauddepute.fr\/index.php\/wp-json\/wp\/v2\/types\/post"}],"author":[{"embeddable":true,"href":"http:\/\/joelgirauddepute.fr\/index.php\/wp-json\/wp\/v2\/users\/1"}],"replies":[{"embeddable":true,"href":"http:\/\/joelgirauddepute.fr\/index.php\/wp-json\/wp\/v2\/comments?post=4705"}],"version-history":[{"count":1,"href":"http:\/\/joelgirauddepute.fr\/index.php\/wp-json\/wp\/v2\/posts\/4705\/revisions"}],"predecessor-version":[{"id":4707,"href":"http:\/\/joelgirauddepute.fr\/index.php\/wp-json\/wp\/v2\/posts\/4705\/revisions\/4707"}],"wp:featuredmedia":[{"embeddable":true,"href":"http:\/\/joelgirauddepute.fr\/index.php\/wp-json\/wp\/v2\/media\/4706"}],"wp:attachment":[{"href":"http:\/\/joelgirauddepute.fr\/index.php\/wp-json\/wp\/v2\/media?parent=4705"}],"wp:term":[{"taxonomy":"category","embeddable":true,"href":"http:\/\/joelgirauddepute.fr\/index.php\/wp-json\/wp\/v2\/categories?post=4705"},{"taxonomy":"post_tag","embeddable":true,"href":"http:\/\/joelgirauddepute.fr\/index.php\/wp-json\/wp\/v2\/tags?post=4705"}],"curies":[{"name":"wp","href":"https:\/\/api.w.org\/{rel}","templated":true}]}}