{"id":4653,"date":"2019-06-28T18:33:40","date_gmt":"2019-06-28T16:33:40","guid":{"rendered":"http:\/\/joelgirauddepute.fr\/?p=4653"},"modified":"2019-07-03T10:53:40","modified_gmt":"2019-07-03T08:53:40","slug":"reseau-4g-orange-une-nouvelle-etape-dans-la-couverture-du-territoire","status":"publish","type":"post","link":"http:\/\/joelgirauddepute.fr\/index.php\/2019\/06\/28\/reseau-4g-orange-une-nouvelle-etape-dans-la-couverture-du-territoire\/","title":{"rendered":"R\u00e9seau 4G Orange : Une nouvelle \u00e9tape dans la couverture du territoire"},"content":{"rendered":"\n<p>C\u2019est ce vendredi matin \u00e0 Savines-le-Lac, en pr\u00e9sence de Jo\u00ebl Giraud, et de nombreux \u00e9lus du Pays Embrunais Savinois Serre-Poncon que Mme Val\u00e9rie Th\u00e9rond, Directrice Orange Grand Sud-Est, a fait une annonce importante pour les Hautes-Alpes : Orange acc\u00e9l\u00e8re le d\u00e9ploiement de son r\u00e9seau 4G dans le d\u00e9partement avec l\u2019am\u00e9lioration de la couverture de toute la r\u00e9gion du Lac de Serre-Pon\u00e7on gr\u00e2ce \u00e0 l\u2019installation de nouveaux \u00e9quipements.  <\/p>\n\n\n\n<p>C\u2019est ainsi qu\u2019aujourd\u2019hui, plus de 94% de la population haut-alpine est couverte par la 4G d\u2019Orange contre seulement 67% en 2016. Ce d\u00e9veloppement spectaculaire s\u2019inscrit dans une dynamique enclench\u00e9e gr\u00e2ce \u00e0 l\u2019acte II de la Loi Montagne vot\u00e9e fin 2016 et auquel Jo\u00ebl Giraud avait grandement contribu\u00e9.<\/p>\n\n\n\n<p>En effet, favoriser le d\u00e9ploiement du num\u00e9rique et de la t\u00e9l\u00e9phonie mobile \u00e9tait l\u2019un des principaux objectifs du texte. <\/p>\n\n\n\n<p>Cette loi a notamment instaur\u00e9 un d\u00e9lai imp\u00e9ratif de deux mois pour obtenir une r\u00e9ponse motiv\u00e9e \u00e0 une demande d&rsquo;inscription sur la liste des communes en zone blanche \u00ab\u00a0centres-bourgs\u00a0\u00bb, plus un mois pour modifier l&rsquo;arr\u00eat\u00e9 correspondant le cas \u00e9ch\u00e9ant. Elle mettait \u00e9galement l\u2019accent sur les zones de montagne dans l\u2019acc\u00e8s \u00e0 la couverture num\u00e9rique.<\/p>\n\n\n\n<p>Elle a mis en place des conditions tarifaires pr\u00e9f\u00e9rentielles temporaires pour la commercialisation des R\u00e9seaux d\u2019Initiative Publique (RIP). Cette loi a aussi renforc\u00e9 le r\u00f4le de L&rsquo;Autorit\u00e9 de r\u00e9gulation des communications \u00e9lectroniques et des postes et a incit\u00e9 les op\u00e9rateurs \u00e0 acc\u00e9l\u00e9rer en exigeant la pr\u00e9sentation d\u2019un calendrier pr\u00e9visionnel de leurs projets de d\u00e9ploiement du Tr\u00e8s haut d\u00e9bit dans un d\u00e9lai de 6 mois aux collectivit\u00e9s concern\u00e9es, sans quoi l&rsquo;\u00c9tat aurait constat\u00e9 l&rsquo;insuffisance de l&rsquo;initiative priv\u00e9e.<\/p>\n\n\n\n<p>C\u2019est gr\u00e2ce au travail et \u00e0 la d\u00e9termination du gouvernement et des \u00e9lus de montagne, en lien constant avec les op\u00e9rateurs, que les Hautes-Alpes jouissent d\u2019une couverture num\u00e9rique sans cesse meilleure. <\/p>\n\n\n\n<hr class=\"wp-block-separator\"\/>\n\n\n\n<p>Lu sur <em>ledauphine.com<\/em> le 2 juillet 2019 : \u00ab\u00a0<a href=\"https:\/\/c.ledauphine.com\/hautes-alpes\/2019\/07\/02\/serre-poncon-orange-ameliore-sa-couverture-4g\" target=\"_blank\" rel=\"noreferrer noopener\" aria-label=\"Orange am\u00e9liore sa couverture 4G (s\u2019ouvre dans un nouvel onglet)\">Orange am\u00e9liore sa couverture 4G<\/a>\u00ab\u00a0<\/p>\n\n\n\n<div class=\"wp-block-file\"><a href=\"http:\/\/joelgirauddepute.fr\/wp-content\/uploads\/2019\/07\/DL-020719-ORANGE-ame\u0301liore-sa-couverture-4G.pdf\">L&rsquo;article en PDF : DL-020719-ORANGE-ame\u0301liore-sa-couverture-4G<\/a><a href=\"http:\/\/joelgirauddepute.fr\/wp-content\/uploads\/2019\/07\/DL-020719-ORANGE-ame\u0301liore-sa-couverture-4G.pdf\" class=\"wp-block-file__button\" download>T\u00e9l\u00e9charger<\/a><\/div>\n","protected":false},"excerpt":{"rendered":"<div class=\"mh-excerpt\"><p>C\u2019est ce vendredi matin \u00e0 Savines-le-Lac, en pr\u00e9sence de Jo\u00ebl Giraud, et de nombreux \u00e9lus du Pays Embrunais Savinois Serre-Poncon que Mme Val\u00e9rie Th\u00e9rond, Directrice <a class=\"mh-excerpt-more\" href=\"http:\/\/joelgirauddepute.fr\/index.php\/2019\/06\/28\/reseau-4g-orange-une-nouvelle-etape-dans-la-couverture-du-territoire\/\" title=\"R\u00e9seau 4G Orange : Une nouvelle \u00e9tape dans la couverture du territoire\">[&#8230;]<\/a><\/p>\n<\/div>","protected":false},"author":1,"featured_media":4656,"comment_status":"open","ping_status":"open","sticky":false,"template":"","format":"standard","meta":{"footnotes":""},"categories":[1],"tags":[],"class_list":["post-4653","post","type-post","status-publish","format-standard","has-post-thumbnail","hentry","category-non-classe"],"jetpack_featured_media_url":"http:\/\/joelgirauddepute.fr\/wp-content\/uploads\/2019\/07\/orange.jpg","jetpack_sharing_enabled":true,"jetpack_shortlink":"https:\/\/wp.me\/pabfdt-1d3","_links":{"self":[{"href":"http:\/\/joelgirauddepute.fr\/index.php\/wp-json\/wp\/v2\/posts\/4653","targetHints":{"allow":["GET"]}}],"collection":[{"href":"http:\/\/joelgirauddepute.fr\/index.php\/wp-json\/wp\/v2\/posts"}],"about":[{"href":"http:\/\/joelgirauddepute.fr\/index.php\/wp-json\/wp\/v2\/types\/post"}],"author":[{"embeddable":true,"href":"http:\/\/joelgirauddepute.fr\/index.php\/wp-json\/wp\/v2\/users\/1"}],"replies":[{"embeddable":true,"href":"http:\/\/joelgirauddepute.fr\/index.php\/wp-json\/wp\/v2\/comments?post=4653"}],"version-history":[{"count":5,"href":"http:\/\/joelgirauddepute.fr\/index.php\/wp-json\/wp\/v2\/posts\/4653\/revisions"}],"predecessor-version":[{"id":4664,"href":"http:\/\/joelgirauddepute.fr\/index.php\/wp-json\/wp\/v2\/posts\/4653\/revisions\/4664"}],"wp:featuredmedia":[{"embeddable":true,"href":"http:\/\/joelgirauddepute.fr\/index.php\/wp-json\/wp\/v2\/media\/4656"}],"wp:attachment":[{"href":"http:\/\/joelgirauddepute.fr\/index.php\/wp-json\/wp\/v2\/media?parent=4653"}],"wp:term":[{"taxonomy":"category","embeddable":true,"href":"http:\/\/joelgirauddepute.fr\/index.php\/wp-json\/wp\/v2\/categories?post=4653"},{"taxonomy":"post_tag","embeddable":true,"href":"http:\/\/joelgirauddepute.fr\/index.php\/wp-json\/wp\/v2\/tags?post=4653"}],"curies":[{"name":"wp","href":"https:\/\/api.w.org\/{rel}","templated":true}]}}