{"id":4457,"date":"2019-06-12T10:21:25","date_gmt":"2019-06-12T08:21:25","guid":{"rendered":"http:\/\/joelgirauddepute.fr\/?p=4457"},"modified":"2019-06-14T11:33:36","modified_gmt":"2019-06-14T09:33:36","slug":"alpes-du-sud-suppression-des-postes-dagents-sur-la-ligne-des-alpes-les-deputes-montent-au-creneau-alpes1","status":"publish","type":"post","link":"http:\/\/joelgirauddepute.fr\/index.php\/2019\/06\/12\/alpes-du-sud-suppression-des-postes-dagents-sur-la-ligne-des-alpes-les-deputes-montent-au-creneau-alpes1\/","title":{"rendered":"\u00ab\u00a0Alpes du Sud : suppression des postes d&rsquo;agents sur la ligne des Alpes, les d\u00e9put\u00e9s montent au cr\u00e9neau\u00a0\u00bb &#8211; Alpes1"},"content":{"rendered":"\n<p><strong>TRANSPORT \/ Dans un courrier envoy\u00e9 \u00e0 SNCF R\u00e9seau, SNCF Mobilit\u00e9s et la r\u00e9gion Provence-Alpes-C\u00f4te d&rsquo;Azur, Emmanuelle Fontaine Domeizel, Delphine Bagarry, Jo\u00ebl Giraud et Pascale Boyer rappellent aux institutions les lois en discussion et le protocole d&rsquo;accord sign\u00e9 par l&rsquo;h\u00e9micycle marseillais<\/strong><\/p>\n\n\n\n<h1 class=\"wp-block-heading\"><strong>&#8211; Alpes du Sud &#8211;&nbsp;<\/strong><\/h1>\n\n\n\n<p>Les d\u00e9put\u00e9s des Alpes du Sud interpellent la&nbsp;<strong>SNCF&nbsp;<\/strong>et la&nbsp;<strong>R\u00e9gion Provence-Alpes-C\u00f4te d\u2019Azur<\/strong>. Quatre parlementaires r\u00e9unis pour s\u2019opposer \u00e0 la suppression, d\u00e8s cet automne, des postes d\u2019agents aux guichets des gares de&nbsp;<strong>Pertuis<\/strong>,&nbsp;<strong>Digne les Bains<\/strong>,&nbsp;<strong>Saint Auban<\/strong>,&nbsp;<strong>Laragne-Mont\u00e9glin&nbsp;<\/strong>et&nbsp;<strong>Veynes<\/strong>. Les agents seraient alors remplac\u00e9s par une \u00e9quipe d\u2019agents mobiles en poste habituellement \u00e0 Manosque et Sisteron. Une suppression qui \u00ab&nbsp;<em>ne permettra d\u2019assurer qu\u2019une ouverture partielle du service&nbsp;\u00bb<\/em>&nbsp;selon<strong>Pascale Boyer&nbsp;<\/strong>et&nbsp;<strong>Jo\u00ebl Giraud<\/strong>, d\u00e9put\u00e9s des Hautes-Alpes, et&nbsp;<strong>Emmanuelle<\/strong>&nbsp;<strong>Fontaine<\/strong>&#8211;<strong>Domeizel&nbsp;<\/strong>et&nbsp;<strong>Delphine Bagarry<\/strong>, \u00e9lues dans les Alpes de Haute-Provence. Une restructuration \u00ab&nbsp;<em>jamais vue&nbsp;\u00bb<\/em>&nbsp;sur la ligne des Alpes selon&nbsp;<strong>Cheminots FO<\/strong>. Les gares de L\u2019Argenti\u00e8re la Bess\u00e9e, Mont-Dauphin et Embrun seraient aussi dans le viseur avec une diminution du service pr\u00e9vue pour 2020. Les parlementaires rappellent ainsi \u00e0 SNCF R\u00e9seau et SNCF Mobilit\u00e9s la loi actuellement d\u00e9battue au sein de l\u2019Assembl\u00e9e Nationale sur l\u2019avenir des petites gares avec la garantie d\u2019un service d\u2019accueil aux usagers du rail. Quant \u00e0 Renaud Muselier, le pr\u00e9sident de l\u2019h\u00e9micycle marseillais, ils reviennent sur le protocole d\u2019accord sign\u00e9 avec la SNCF qui pr\u00e9voit une offre en nombre de dessertes et en qualit\u00e9 de services.<\/p>\n\n\n\n<p><strong>Qu&rsquo;avaient promis la SNCF et la R\u00e9gion ?<\/strong><\/p>\n\n\n\n<p>Janvier dernier : Renaud Muselier et Guillaume P\u00e9py se serraient la main. Car apr\u00e8s trois ans o\u00f9 la SNCF faisait le dos rond et les yeux doux \u00e0 cette r\u00e9gion r\u00e9fractaire plus proche du divorce avec l&rsquo;op\u00e9rateur des chemins de fer.<br><\/p>\n\n\n\n<figure class=\"wp-block-image is-resized\"><img loading=\"lazy\" decoding=\"async\" src=\"http:\/\/joelgirauddepute.fr\/wp-content\/uploads\/2019\/06\/image-2.png\" alt=\"\" class=\"wp-image-4462\" width=\"555\" height=\"321\" srcset=\"http:\/\/joelgirauddepute.fr\/wp-content\/uploads\/2019\/06\/image-2.png 522w, http:\/\/joelgirauddepute.fr\/wp-content\/uploads\/2019\/06\/image-2-300x174.png 300w\" sizes=\"auto, (max-width: 555px) 100vw, 555px\" \/><\/figure>\n\n\n\n<p>Mais les discussions auront eu du bon, et avec le mois de janvier, la soci\u00e9t\u00e9 des chemins de fer est arriv\u00e9e aupr\u00e8s de Provence-Alpes-C\u00f4te d\u2019Azur avec son lot de bonnes r\u00e9solutions. Et il faudra les tenir car&nbsp;<strong>Guillaume<\/strong>&nbsp;<strong>P\u00e9py<\/strong>, PDG, engageait l\u2019entreprise jusqu\u2019en 2023. Quatre ans donc pour parvenir \u00e0 \u00ab&nbsp;<em>un service de transport ferroviaire r\u00e9gional de qualit\u00e9&nbsp;\u00bb<\/em>, applaudissait-on du c\u00f4t\u00e9 de Marseille, le tout \u00ab&nbsp;<em>au juste prix&nbsp;\u00bb<\/em>&nbsp;souligne le pr\u00e9sident Renaud Muselier. Au juste prix, mais surtout moins cher&nbsp;: en effet, la facture aujourd\u2019hui de plus de 276 millions d\u2019euros passera \u00e0 255 millions en 2023. Parall\u00e8lement, Marseille s\u2019engageait \u00e0 prendre \u00e0 sa charge une part d\u2019investissements de 104 millions d\u2019euros.<\/p>\n\n\n\n<p><strong>Qu\u2019\u00e9tait-il propos\u00e9 aux 100.000 clients quotidiens de la r\u00e9gion ?<\/strong><\/p>\n\n\n\n<p>Tout d\u2019abord plus de r\u00e9gularit\u00e9 des trains&nbsp;: actuellement \u00e0 82 %, l\u2019objectif de parvenir \u00e0 90 % d\u2019ici 2020 est affich\u00e9, alors qu\u2019en parall\u00e8le le nombre de trains supprim\u00e9s pour causes internes doit \u00eatre inf\u00e9rieur \u00e0 1 %. Autre enjeu&nbsp;: l\u2019entreprise le promet, elle veut augmenter son trafic de 10 %. Enfin, point important, c\u2019est le maintien des gares&nbsp;: aucune ne fermera durant toute la dur\u00e9e du contrat. Le roulement des TER devra aussi \u00eatre coordonn\u00e9 avec les cars r\u00e9gionaux et r\u00e9seaux urbains.<\/p>\n\n\n\n<blockquote class=\"wp-block-quote is-layout-flow wp-block-quote-is-layout-flow\"><p><em>\u00ab&nbsp;L\u2019accord pr\u00e9voit \u00e9galement des p\u00e9nalit\u00e9s en cas de non-respect des horaires ou de non propret\u00e9 des rames&nbsp;\u00bb, R. Muselier<\/em><\/p><\/blockquote>\n\n\n\n<p>Et si le contrat n\u2019est pas respect\u00e9&nbsp;? Les manquements pourraient bien co\u00fbter chers \u00e0 la SNCF, avec des p\u00e9nalit\u00e9s syst\u00e9matiques pour non-respect des horaires ou non-propret\u00e9 des rames. Un syst\u00e8me de bonus-malus est \u00e9galement introduit avec, \u00e0 la cl\u00e9, 4 millions d\u2019euros vers\u00e9s par an en fonction des r\u00e9sultats face \u00e0 l\u2019information des voyageurs et la r\u00e9gularit\u00e9 des transports. &nbsp;<\/p>\n\n\n\n<p style=\"text-align:right\"><strong>C. Michard<\/strong><\/p>\n\n\n\n<p>Lu sur France3R\u00e9gionsPACA : \u00ab\u00a0<a href=\"https:\/\/france3-regions.francetvinfo.fr\/provence-alpes-cote-d-azur\/hautes-alpes-alpes-provence-sncf-prevoit-supprimer-postes-agents-aux-guichets-gares-ter-1683622.html\" target=\"_blank\" rel=\"noreferrer noopener\" aria-label=\"Hautes-Alpes et Alpes-de-Provence: la SNCF pr\u00e9voit de supprimer des postes d\u2019agents aux guichets des gares TER (s\u2019ouvre dans un nouvel onglet)\">Hautes-Alpes et Alpes-de-Provence: la SNCF pr\u00e9voit de supprimer des postes d\u2019agents aux guichets des gares TER<\/a>\u00ab\u00a0<\/p>\n","protected":false},"excerpt":{"rendered":"<div class=\"mh-excerpt\"><p>TRANSPORT \/ Dans un courrier envoy\u00e9 \u00e0 SNCF R\u00e9seau, SNCF Mobilit\u00e9s et la r\u00e9gion Provence-Alpes-C\u00f4te d&rsquo;Azur, Emmanuelle Fontaine Domeizel, Delphine Bagarry, Jo\u00ebl Giraud et Pascale <a class=\"mh-excerpt-more\" href=\"http:\/\/joelgirauddepute.fr\/index.php\/2019\/06\/12\/alpes-du-sud-suppression-des-postes-dagents-sur-la-ligne-des-alpes-les-deputes-montent-au-creneau-alpes1\/\" title=\"\u00ab\u00a0Alpes du Sud : suppression des postes d&rsquo;agents sur la ligne des Alpes, les d\u00e9put\u00e9s montent au cr\u00e9neau\u00a0\u00bb &#8211; Alpes1\">[&#8230;]<\/a><\/p>\n<\/div>","protected":false},"author":1,"featured_media":4459,"comment_status":"open","ping_status":"open","sticky":false,"template":"","format":"standard","meta":{"footnotes":""},"categories":[1],"tags":[],"class_list":["post-4457","post","type-post","status-publish","format-standard","has-post-thumbnail","hentry","category-non-classe"],"jetpack_featured_media_url":"http:\/\/joelgirauddepute.fr\/wp-content\/uploads\/2019\/06\/870x489_5cff7cabbd9e5-courrier-sncf-ligne-des-alpes-suppressions-postes-agents.jpg","jetpack_sharing_enabled":true,"jetpack_shortlink":"https:\/\/wp.me\/pabfdt-19T","_links":{"self":[{"href":"http:\/\/joelgirauddepute.fr\/index.php\/wp-json\/wp\/v2\/posts\/4457","targetHints":{"allow":["GET"]}}],"collection":[{"href":"http:\/\/joelgirauddepute.fr\/index.php\/wp-json\/wp\/v2\/posts"}],"about":[{"href":"http:\/\/joelgirauddepute.fr\/index.php\/wp-json\/wp\/v2\/types\/post"}],"author":[{"embeddable":true,"href":"http:\/\/joelgirauddepute.fr\/index.php\/wp-json\/wp\/v2\/users\/1"}],"replies":[{"embeddable":true,"href":"http:\/\/joelgirauddepute.fr\/index.php\/wp-json\/wp\/v2\/comments?post=4457"}],"version-history":[{"count":4,"href":"http:\/\/joelgirauddepute.fr\/index.php\/wp-json\/wp\/v2\/posts\/4457\/revisions"}],"predecessor-version":[{"id":4509,"href":"http:\/\/joelgirauddepute.fr\/index.php\/wp-json\/wp\/v2\/posts\/4457\/revisions\/4509"}],"wp:featuredmedia":[{"embeddable":true,"href":"http:\/\/joelgirauddepute.fr\/index.php\/wp-json\/wp\/v2\/media\/4459"}],"wp:attachment":[{"href":"http:\/\/joelgirauddepute.fr\/index.php\/wp-json\/wp\/v2\/media?parent=4457"}],"wp:term":[{"taxonomy":"category","embeddable":true,"href":"http:\/\/joelgirauddepute.fr\/index.php\/wp-json\/wp\/v2\/categories?post=4457"},{"taxonomy":"post_tag","embeddable":true,"href":"http:\/\/joelgirauddepute.fr\/index.php\/wp-json\/wp\/v2\/tags?post=4457"}],"curies":[{"name":"wp","href":"https:\/\/api.w.org\/{rel}","templated":true}]}}