{"id":4452,"date":"2019-06-07T17:50:46","date_gmt":"2019-06-07T15:50:46","guid":{"rendered":"http:\/\/joelgirauddepute.fr\/?p=4452"},"modified":"2019-06-07T17:50:51","modified_gmt":"2019-06-07T15:50:51","slug":"joel-giraud-chevalier-du-taste-vin-de-bourgogne","status":"publish","type":"post","link":"http:\/\/joelgirauddepute.fr\/index.php\/2019\/06\/07\/joel-giraud-chevalier-du-taste-vin-de-bourgogne\/","title":{"rendered":"Jo\u00ebl Giraud, chevalier du taste vin de Bourgogne !"},"content":{"rendered":"\n<p>On ne dira pas que le rapporteur g\u00e9n\u00e9ral du budget ne se fait l\u2019ambassadeur de la gastronomie fran\u00e7aise, \u00ab ce qui se voit\u00a0\u00bb \u00a0ajoute-t-il avec humour. \u00a0Apr\u00e8s la confr\u00e9rie des fines gueules de la saucisse de choux, \u00a0sp\u00e9cialit\u00e9 argenti\u00e9roise, et celle des vins des Hautes-Alpes, le voici introduit comme taste-vin des vins de Bourgogne au prestigieux Clos de Vougeot.\u00a0<\/p>\n\n\n\n<p>Un honneur qu\u2019il partage (ainsi qu\u2019une bouteille de Cr\u00e9mant) sur cette photo avec H\u00e9l\u00e8ne Conway\u00a0vice pr\u00e9sidente du S\u00e9nat et ancienne ministre des fran\u00e7ais de l\u2019\u00e9tranger.\u00a0Le retour, en plein d\u00e9bat sur la loi d\u2019orientation des mobilit\u00e9s, est pr\u00e9vu en train&#8230;..ce qui est prudent.\u00a0 <\/p>\n","protected":false},"excerpt":{"rendered":"<div class=\"mh-excerpt\"><p>On ne dira pas que le rapporteur g\u00e9n\u00e9ral du budget ne se fait l\u2019ambassadeur de la gastronomie fran\u00e7aise, \u00ab ce qui se voit\u00a0\u00bb \u00a0ajoute-t-il avec <a class=\"mh-excerpt-more\" href=\"http:\/\/joelgirauddepute.fr\/index.php\/2019\/06\/07\/joel-giraud-chevalier-du-taste-vin-de-bourgogne\/\" title=\"Jo\u00ebl Giraud, chevalier du taste vin de Bourgogne !\">[&#8230;]<\/a><\/p>\n<\/div>","protected":false},"author":1,"featured_media":4456,"comment_status":"open","ping_status":"open","sticky":false,"template":"","format":"standard","meta":{"footnotes":""},"categories":[1],"tags":[],"class_list":["post-4452","post","type-post","status-publish","format-standard","has-post-thumbnail","hentry","category-non-classe"],"jetpack_featured_media_url":"http:\/\/joelgirauddepute.fr\/wp-content\/uploads\/2019\/06\/H\u00e9l\u00e8ne-Conway-et-Jo\u00ebl-Giraud-2.jpg","jetpack_sharing_enabled":true,"jetpack_shortlink":"https:\/\/wp.me\/pabfdt-19O","_links":{"self":[{"href":"http:\/\/joelgirauddepute.fr\/index.php\/wp-json\/wp\/v2\/posts\/4452","targetHints":{"allow":["GET"]}}],"collection":[{"href":"http:\/\/joelgirauddepute.fr\/index.php\/wp-json\/wp\/v2\/posts"}],"about":[{"href":"http:\/\/joelgirauddepute.fr\/index.php\/wp-json\/wp\/v2\/types\/post"}],"author":[{"embeddable":true,"href":"http:\/\/joelgirauddepute.fr\/index.php\/wp-json\/wp\/v2\/users\/1"}],"replies":[{"embeddable":true,"href":"http:\/\/joelgirauddepute.fr\/index.php\/wp-json\/wp\/v2\/comments?post=4452"}],"version-history":[{"count":1,"href":"http:\/\/joelgirauddepute.fr\/index.php\/wp-json\/wp\/v2\/posts\/4452\/revisions"}],"predecessor-version":[{"id":4454,"href":"http:\/\/joelgirauddepute.fr\/index.php\/wp-json\/wp\/v2\/posts\/4452\/revisions\/4454"}],"wp:featuredmedia":[{"embeddable":true,"href":"http:\/\/joelgirauddepute.fr\/index.php\/wp-json\/wp\/v2\/media\/4456"}],"wp:attachment":[{"href":"http:\/\/joelgirauddepute.fr\/index.php\/wp-json\/wp\/v2\/media?parent=4452"}],"wp:term":[{"taxonomy":"category","embeddable":true,"href":"http:\/\/joelgirauddepute.fr\/index.php\/wp-json\/wp\/v2\/categories?post=4452"},{"taxonomy":"post_tag","embeddable":true,"href":"http:\/\/joelgirauddepute.fr\/index.php\/wp-json\/wp\/v2\/tags?post=4452"}],"curies":[{"name":"wp","href":"https:\/\/api.w.org\/{rel}","templated":true}]}}