{"id":4035,"date":"2019-04-26T17:09:22","date_gmt":"2019-04-26T15:09:22","guid":{"rendered":"http:\/\/joelgirauddepute.fr\/?p=4035"},"modified":"2019-05-03T17:42:40","modified_gmt":"2019-05-03T15:42:40","slug":"joel-giraud-assiste-au-60eme-anniversaire-du-peloton-de-gendarmerie-de-haute-montagne","status":"publish","type":"post","link":"http:\/\/joelgirauddepute.fr\/index.php\/2019\/04\/26\/joel-giraud-assiste-au-60eme-anniversaire-du-peloton-de-gendarmerie-de-haute-montagne\/","title":{"rendered":"Jo\u00ebl Giraud assiste au 60\u00e8me anniversaire du Peloton de Gendarmerie de Haute Montagne"},"content":{"rendered":"\n<p> &nbsp;&nbsp;&nbsp;&nbsp;&nbsp;&nbsp;&nbsp;&nbsp;&nbsp;&nbsp; Le 26 avril, a eu lieu la c\u00e9r\u00e9monie du 60\u00e8me anniversaire du Peloton de Gendarmerie de Haute Montagne (PGHM) \u00e0 Brian\u00e7on et Monestier Les Bains. Le peloton travaille tout au long de l\u2019ann\u00e9e afin de s\u00e9curiser la montagne, en 2018 le PGHM de Brian\u00e7on a r\u00e9alis\u00e9 341 interventions et ce chiffre ne cesse d\u2019augmenter sur un rythme de 7 \u00e0 10 % annuellement, les interventions \u00e9tant r\u00e9parties de mani\u00e8re homog\u00e8ne sur l\u2019ann\u00e9e avec deux grandes p\u00e9riodes \u00e0 risque l\u2019hiver et l\u2019\u00e9t\u00e9. <\/p>\n\n\n\n<p> &nbsp;&nbsp;&nbsp;&nbsp;&nbsp;&nbsp;&nbsp;&nbsp;&nbsp;&nbsp;&nbsp; La journ\u00e9e d\u2019anniversaire du PGHM a d\u00e9but\u00e9 sur les remparts de Brian\u00e7on par une c\u00e9r\u00e9monie militaire sous la direction du commandant du PGHM Gonzague Dupr\u00e9. Moment solennel rendant hommage aux hommes et femmes du peloton qui mettent en jeu leur vie lors de chaque intervention afin de sauver la vie d\u2019autrui. Une c\u00e9r\u00e9monie o\u00f9 se sont rendus Jo\u00ebl Giraud d\u00e9put\u00e9, la pr\u00e9f\u00e8te des Hautes-Alpes C\u00e9cile Bigot-Dekeyzer, le sous-pr\u00e9fet Jean-Bernard Ich\u00e9, les maires de Brian\u00e7on et de Mon\u00eatier-les-Bains respectivement G\u00e9rard Fromm et Anne-Marie Forgeoux, ainsi que de nombreux \u00e9lus locaux. <\/p>\n\n\n\n<p>Ce peloton compos\u00e9 de 19 membres dont deux maitres-chiens et deux gendarmes adjoints b\u00e9n\u00e9ficie d\u2019un mat\u00e9riel de secourisme&nbsp;\u00e0 la pointe. Pourtant, \u00e0 la naissance du peloton leur \u00e9quipement \u00e9tait rudimentaire, et tout reposait sur l\u2019humain. Aujourd\u2019hui dans un but de confort et de s\u00e9curit\u00e9 afin de sauver un maximum de vies, ils ont invent\u00e9 leur mat\u00e9riel gr\u00e2ce \u00e0 l\u2019existence d\u2019un centre de recherche sp\u00e9cialis\u00e9 pour les PGHM. Afin de montrer cette \u00e9volution, le peloton de Brian\u00e7on a souhait\u00e9 organiser une exposition retra\u00e7ant l\u2019histoire de leur mat\u00e9riel. Mat\u00e9riel allant de la paire de skis utilis\u00e9e il y a 60 ans \u00e0 l\u2019outil num\u00e9rique aujourd\u2019hui. Ils ont aussi r\u00e9alis\u00e9 une r\u00e9trospective pour retracer l\u2019histoire du peloton de haute montagne de Brian\u00e7on depuis leur cr\u00e9ation en 1959.<\/p>\n\n\n\n<p>Reportage de<em> DICITV<\/em> :<\/p>\n\n\n\n<iframe loading=\"lazy\" width=\"640\" height=\"360\" title=\"vimeo-player\" src=\"https:\/\/player.vimeo.com\/video\/332842494\" frameborder=\"0\" allowfullscreen=\"\"><\/iframe>\n\n\n\n<p>Article du <em>Dauphin\u00e9 Lib\u00e9r\u00e9 <\/em>du 26 Avril : <a aria-label=\" (s\u2019ouvre dans un nouvel onglet)\" href=\"http:\/\/joelgirauddepute.fr\/wp-content\/uploads\/2019\/04\/60-ans-PGHM.pdf\" target=\"_blank\" rel=\"noreferrer noopener\">http:\/\/joelgirauddepute.fr\/wp-content\/uploads\/2019\/04\/60-ans-PGHM.pdf<\/a><\/p>\n\n\n\n<p>Interview du commandant du PGHM de Brian\u00e7on par le Dauphin\u00e9 Lib\u00e9r\u00e9 le 26 Avril : <a aria-label=\" (s\u2019ouvre dans un nouvel onglet)\" href=\"http:\/\/joelgirauddepute.fr\/wp-content\/uploads\/2019\/04\/ITW-PGHM-Gonzague.pdf\" target=\"_blank\" rel=\"noreferrer noopener\">http:\/\/joelgirauddepute.fr\/wp-content\/uploads\/2019\/04\/ITW-PGHM-Gonzague.pdf<\/a><\/p>\n\n\n\n<figure class=\"wp-block-image\"><img loading=\"lazy\" decoding=\"async\" width=\"1024\" height=\"686\" src=\"http:\/\/joelgirauddepute.fr\/wp-content\/uploads\/2019\/05\/unePGHM-1024x686.jpg\" alt=\"\" class=\"wp-image-4098\" srcset=\"http:\/\/joelgirauddepute.fr\/wp-content\/uploads\/2019\/05\/unePGHM-1024x686.jpg 1024w, http:\/\/joelgirauddepute.fr\/wp-content\/uploads\/2019\/05\/unePGHM-300x201.jpg 300w, http:\/\/joelgirauddepute.fr\/wp-content\/uploads\/2019\/05\/unePGHM-768x515.jpg 768w, http:\/\/joelgirauddepute.fr\/wp-content\/uploads\/2019\/05\/unePGHM.jpg 1140w\" sizes=\"auto, (max-width: 1024px) 100vw, 1024px\" \/><figcaption>La Une de Alpes&amp;Midi du 2 mai 2019<\/figcaption><\/figure>\n\n\n\n<p>Lu sur <em>Alpes &amp; Midi <\/em>le 2 mai 2019 :<\/p>\n\n\n\n<figure class=\"wp-block-image\"><img loading=\"lazy\" decoding=\"async\" width=\"1024\" height=\"636\" src=\"http:\/\/joelgirauddepute.fr\/wp-content\/uploads\/2019\/05\/ArtPGHM1-1024x636.jpg\" alt=\"\" class=\"wp-image-4100\" srcset=\"http:\/\/joelgirauddepute.fr\/wp-content\/uploads\/2019\/05\/ArtPGHM1-1024x636.jpg 1024w, http:\/\/joelgirauddepute.fr\/wp-content\/uploads\/2019\/05\/ArtPGHM1-300x186.jpg 300w, http:\/\/joelgirauddepute.fr\/wp-content\/uploads\/2019\/05\/ArtPGHM1-768x477.jpg 768w, http:\/\/joelgirauddepute.fr\/wp-content\/uploads\/2019\/05\/ArtPGHM1.jpg 1154w\" sizes=\"auto, (max-width: 1024px) 100vw, 1024px\" \/><\/figure>\n\n\n\n<figure class=\"wp-block-image\"><img loading=\"lazy\" decoding=\"async\" width=\"1024\" height=\"738\" src=\"http:\/\/joelgirauddepute.fr\/wp-content\/uploads\/2019\/05\/articleAlpesMidi-1024x738.jpg\" alt=\"\" class=\"wp-image-4105\" srcset=\"http:\/\/joelgirauddepute.fr\/wp-content\/uploads\/2019\/05\/articleAlpesMidi-1024x738.jpg 1024w, http:\/\/joelgirauddepute.fr\/wp-content\/uploads\/2019\/05\/articleAlpesMidi-300x216.jpg 300w, http:\/\/joelgirauddepute.fr\/wp-content\/uploads\/2019\/05\/articleAlpesMidi-768x554.jpg 768w, http:\/\/joelgirauddepute.fr\/wp-content\/uploads\/2019\/05\/articleAlpesMidi.jpg 1122w\" sizes=\"auto, (max-width: 1024px) 100vw, 1024px\" \/><\/figure>\n\n\n\n<figure class=\"wp-block-image\"><img loading=\"lazy\" decoding=\"async\" width=\"1024\" height=\"621\" src=\"http:\/\/joelgirauddepute.fr\/wp-content\/uploads\/2019\/05\/ArtPGHM3-1024x621.jpg\" alt=\"\" class=\"wp-image-4103\" srcset=\"http:\/\/joelgirauddepute.fr\/wp-content\/uploads\/2019\/05\/ArtPGHM3-1024x621.jpg 1024w, http:\/\/joelgirauddepute.fr\/wp-content\/uploads\/2019\/05\/ArtPGHM3-300x182.jpg 300w, http:\/\/joelgirauddepute.fr\/wp-content\/uploads\/2019\/05\/ArtPGHM3-768x466.jpg 768w, http:\/\/joelgirauddepute.fr\/wp-content\/uploads\/2019\/05\/ArtPGHM3.jpg 1136w\" sizes=\"auto, (max-width: 1024px) 100vw, 1024px\" \/><\/figure>\n","protected":false},"excerpt":{"rendered":"<div class=\"mh-excerpt\"><p>&nbsp;&nbsp;&nbsp;&nbsp;&nbsp;&nbsp;&nbsp;&nbsp;&nbsp;&nbsp; Le 26 avril, a eu lieu la c\u00e9r\u00e9monie du 60\u00e8me anniversaire du Peloton de Gendarmerie de Haute Montagne (PGHM) \u00e0 Brian\u00e7on et Monestier Les <a class=\"mh-excerpt-more\" href=\"http:\/\/joelgirauddepute.fr\/index.php\/2019\/04\/26\/joel-giraud-assiste-au-60eme-anniversaire-du-peloton-de-gendarmerie-de-haute-montagne\/\" title=\"Jo\u00ebl Giraud assiste au 60\u00e8me anniversaire du Peloton de Gendarmerie de Haute Montagne\">[&#8230;]<\/a><\/p>\n<\/div>","protected":false},"author":1,"featured_media":4044,"comment_status":"open","ping_status":"open","sticky":false,"template":"","format":"standard","meta":{"footnotes":""},"categories":[4,6,43],"tags":[],"class_list":["post-4035","post","type-post","status-publish","format-standard","has-post-thumbnail","hentry","category-circo","category-communiques","category-hautes-alpes"],"jetpack_featured_media_url":"http:\/\/joelgirauddepute.fr\/wp-content\/uploads\/2019\/04\/PGHM.jpg","jetpack_sharing_enabled":true,"jetpack_shortlink":"https:\/\/wp.me\/pabfdt-135","_links":{"self":[{"href":"http:\/\/joelgirauddepute.fr\/index.php\/wp-json\/wp\/v2\/posts\/4035","targetHints":{"allow":["GET"]}}],"collection":[{"href":"http:\/\/joelgirauddepute.fr\/index.php\/wp-json\/wp\/v2\/posts"}],"about":[{"href":"http:\/\/joelgirauddepute.fr\/index.php\/wp-json\/wp\/v2\/types\/post"}],"author":[{"embeddable":true,"href":"http:\/\/joelgirauddepute.fr\/index.php\/wp-json\/wp\/v2\/users\/1"}],"replies":[{"embeddable":true,"href":"http:\/\/joelgirauddepute.fr\/index.php\/wp-json\/wp\/v2\/comments?post=4035"}],"version-history":[{"count":9,"href":"http:\/\/joelgirauddepute.fr\/index.php\/wp-json\/wp\/v2\/posts\/4035\/revisions"}],"predecessor-version":[{"id":4110,"href":"http:\/\/joelgirauddepute.fr\/index.php\/wp-json\/wp\/v2\/posts\/4035\/revisions\/4110"}],"wp:featuredmedia":[{"embeddable":true,"href":"http:\/\/joelgirauddepute.fr\/index.php\/wp-json\/wp\/v2\/media\/4044"}],"wp:attachment":[{"href":"http:\/\/joelgirauddepute.fr\/index.php\/wp-json\/wp\/v2\/media?parent=4035"}],"wp:term":[{"taxonomy":"category","embeddable":true,"href":"http:\/\/joelgirauddepute.fr\/index.php\/wp-json\/wp\/v2\/categories?post=4035"},{"taxonomy":"post_tag","embeddable":true,"href":"http:\/\/joelgirauddepute.fr\/index.php\/wp-json\/wp\/v2\/tags?post=4035"}],"curies":[{"name":"wp","href":"https:\/\/api.w.org\/{rel}","templated":true}]}}