{"id":3972,"date":"2019-04-24T10:31:32","date_gmt":"2019-04-24T08:31:32","guid":{"rendered":"http:\/\/joelgirauddepute.fr\/?p=3972"},"modified":"2019-04-24T14:42:03","modified_gmt":"2019-04-24T12:42:03","slug":"les-menages-ont-deja-beneficie-de-11-milliards-deuros-de-baisses-de-prelevements-le-figaro","status":"publish","type":"post","link":"http:\/\/joelgirauddepute.fr\/index.php\/2019\/04\/24\/les-menages-ont-deja-beneficie-de-11-milliards-deuros-de-baisses-de-prelevements-le-figaro\/","title":{"rendered":"Les m\u00e9nages ont d\u00e9j\u00e0 b\u00e9n\u00e9fici\u00e9 de 11 milliards d\u2019euros de baisses de pr\u00e9l\u00e8vements (Le Figaro)"},"content":{"rendered":"\n<p>Par Le figaro.fr Mis \u00e0 jour  le 24\/04\/2019 \u00e0 11:17  <\/p>\n\n\n\n<p>Dans un rapport, le d\u00e9put\u00e9 (LREM) Jo\u00ebl Giraud, rapporteur g\u00e9n\u00e9ral de la commission des Finances, estime que les m\u00e9nages et entreprises b\u00e9n\u00e9ficieront au total de baisses des pr\u00e9l\u00e8vements obligatoires de l\u2019ordre de 32 milliards d\u2019euros avant la fin du quinquennat. Les m\u00e9nages en seront les premiers b\u00e9n\u00e9ficiaires.<\/p>\n\n\n\n<p>\u00c0 la veille de l\u2019allocution tr\u00e8s attendue  d\u2019Emmanuel Macron, qui doit r\u00e9pondre aux craintes exprim\u00e9es lors du  grand d\u00e9bat national, la majorit\u00e9 se met en branle pour d\u00e9fendre son  action. Dans un rapport d\u2019information publi\u00e9 mardi,  le d\u00e9put\u00e9 (LREM) et rapporteur g\u00e9n\u00e9ral de la commission des Finances,  Jo\u00ebl Giraud, apporte quelques pr\u00e9cisions sur l\u2019orientation des finances  publiques pour le reste du quinquennat d\u2019Emmanuel Macron, \u00e0 l\u2019horizon  2022, en revenant sur le programme de stabilit\u00e9 2019-2022 d\u00e9voil\u00e9  r\u00e9cemment par le gouvernement. Fiscalit\u00e9, d\u00e9pense publique, gestion des  finances de l\u2019\u00c9tat: les domaines abord\u00e9s par le rapport parlementaire  sont nombreux, mais le ton global est r\u00e9solument optimiste.<\/p>\n\n\n\n<p>Car le constat de base d\u00e9fendu par la majorit\u00e9 pr\u00e9sidentielle semble  encourageant: pour Jo\u00ebl Giraud, la France conna\u00eet un \u00abr\u00e9tablissement  rapide\u00bb de ses comptes publics, avec un d\u00e9ficit et une dette en baisse,  respectivement \u00e0 2,5% et 98,4% du PIB en 2018. La majorit\u00e9 maintient  donc ses objectifs, avec une cible de d\u00e9ficit public \u00e0 1,2% du PIB en  2022 et une dette \u00e0 96,8% du PIB \u00e0 la m\u00eame \u00e9poque, conforme aux attentes de Bruxelles. Une strat\u00e9gie budg\u00e9taire \u00e0 laquelle le rapporteur g\u00e9n\u00e9ral apporte son soutien \u00absans r\u00e9serve\u00bb.<\/p>\n\n\n\n<h2 class=\"wp-block-heading\">Les m\u00e9nages, premiers b\u00e9n\u00e9ficiaires des baisses de pr\u00e9l\u00e8vements<\/h2>\n\n\n\n<p>Cette saine gestion n\u2019est toutefois pas le point central du rapport,  qui met plut\u00f4t en avant la mani\u00e8re dont l\u2019action gouvernementale a rendu du pouvoir d\u2019achat aux Fran\u00e7ais.  Sans prendre en compte les mesures qui seront pr\u00e9sent\u00e9es jeudi par le  locataire de l\u2019\u00c9lys\u00e9e (dont la cr\u00e9ation probable de nouvelles tranches  d\u2019imp\u00f4t dont b\u00e9n\u00e9ficieront les classes moyennes), l\u2019ensemble des acteurs  \u00e9conomiques ont vu leur portefeuille se renforcer consid\u00e9rablement ces  derni\u00e8res ann\u00e9es, juge le d\u00e9put\u00e9.<\/p>\n\n\n\n<p>D\u2019apr\u00e8s les calculs du rapporteur, en effet, les pr\u00e9l\u00e8vements \nobligatoires ont d\u00e9j\u00e0 baiss\u00e9 d\u2019un peu plus de 16 milliards d\u2019euros entre\n 2017 et 2019, dont 11 milliards sont all\u00e9s dans les poches des m\u00e9nages \net 5,2 milliards dans celles des entreprises. Ces derni\u00e8res ont \nnotamment b\u00e9n\u00e9fici\u00e9 de la \u00abmont\u00e9e en charge\u00bb du CICE, de la suppression \nde la taxe \u00e0 3% sur les dividendes et de la diminution progressive du \ntaux d\u2019imp\u00f4t sur les soci\u00e9t\u00e9s. <\/p>\n\n\n\n<p>Sur le long terme, la majorit\u00e9 promet de maintenir le cap: \u00ables  pr\u00e9l\u00e8vements obligatoires baisseront d\u2019au moins 32 milliards durant le  quinquennat\u00bb, pr\u00e9cise le rapporteur g\u00e9n\u00e9ral, passant ainsi de 45,2% du  PIB en 2017 \u00e0 44% en 2022. Pour les trois ann\u00e9es \u00e0 venir, le rapporteur  estime que les pr\u00e9l\u00e8vements continueront \u00e0 diminuer de \u00abplus de 16  milliards d\u2019euros\u00bb, dont profiteront avant tout les m\u00e9nages, en partie  gr\u00e2ce \u00e0 la poursuite de la suppression de la taxe d\u2019habitation.<\/p>\n\n\n\n<h2 class=\"wp-block-heading\">Les d\u00e9penses publiques hors cr\u00e9dit d\u2019imp\u00f4t baissent en 2018<\/h2>\n\n\n\n<p>En parall\u00e8le, ces baisses seront compens\u00e9es par celle, concomitante, \ndes d\u00e9penses publiques, qui passeront de 55% du PIB en 2017 \u00e0 52,3% en \n2022. \u00abL\u2019exercice 2018 illustre un retournement de tendance in\u00e9dit\u00bb, \nestime le rapport, qui souligne un recul des d\u00e9penses publiques, hors \nimp\u00f4t, de 0,3% en volume. \u00abCela confirme la tendance \u00e0 la diminution du \ntaux d\u2019\u00e9volution en volume des d\u00e9penses publiques\u00bb, se f\u00e9licite donc la \nmajorit\u00e9.<\/p>\n\n\n\n<p>De plus, d\u2019autres mesures devraient permettre d\u2019\u00e9viter un d\u00e9rapage  budg\u00e9taire: sont notamment cit\u00e9es les hausses des pr\u00e9l\u00e8vements sur le  tabac, la poursuite de la \u00abconvergence des cotisations retraite des fonctionnaires sur celles du secteur priv\u00e9\u00bb, ainsi que la taxe Gafa, que Bruno Le Maire ne d\u00e9sesp\u00e8re pas de voir adopter \u00e0 l\u2019\u00e9chelle europ\u00e9enne.<\/p>\n\n\n\n<h2 class=\"wp-block-heading\">Doutes sur le chiffrage<\/h2>\n\n\n\n<p>Reste que les conclusions et chiffrages m\u00e9lioratifs mis en avant par  Jo\u00ebl Giraud ne sont pas ceux ressentis, sur le terrain, par la  population comme par les entreprises. Il y a quelques semaines, le  premier ministre \u00c9douard Philippe avait lui-m\u00eame reconnu  le \u00abras-le-bol fiscal\u00bb des Fran\u00e7ais et s\u2019\u00e9tait alors engag\u00e9 \u00e0 acc\u00e9l\u00e9rer  la baisse des pr\u00e9l\u00e8vements obligatoires. Des propos confirm\u00e9s par  plusieurs figures du gouvernement, dont G\u00e9rald Darmanin  et Bruno Le Maire. De m\u00eame, les partis d\u2019opposition ne cessent de  mettre en exergue les arrangements du gouvernement pour pr\u00e9senter des  chiffres avantageux: \u00abvous pr\u00e9tendez abaisser de 14 milliards d\u2019euros la  pression globale des imp\u00f4ts et cotisations, mais vous ne comptez pas ce  que cela va co\u00fbter aux Fran\u00e7ais!\u00bb d\u00e9non\u00e7ait ainsi le d\u00e9put\u00e9 (LFI) \u00c9ric  Coquerel, mi-avril.<\/p>\n\n\n\n<p>De plus, le constat globalement positif est terni par l\u2019\u00e9mergence de  perspectives moins dynamiques sur le moyen terme. L\u2019Hexagone pr\u00e9sente  d\u00e9sormais des objectifs \u00aben retrait\u00bb par rapport \u00e0 ceux annonc\u00e9s  jusqu\u2019ici: la d\u00e9gradation de la conjoncture internationale et l\u2019annulation de la hausse de la TICPE  d\u00e9cid\u00e9e en d\u00e9cembre expliquent en grande partie la \u00abd\u00e9gradation de  l\u2019objectif de solde public pour 2022\u00bb, temp\u00e8re le rapport de Jo\u00ebl  Giraud. La France devrait toutefois faire mieux que ses partenaires europ\u00e9ens en 2019,  rappelle toutefois le parlementaire, reprenant en cela les estimations  de nombreuses institutions, dont l\u2019Insee, l\u2019OCDE, la Commission  europ\u00e9enne et le FMI.<\/p>\n","protected":false},"excerpt":{"rendered":"<div class=\"mh-excerpt\"><p>Par Le figaro.fr Mis \u00e0 jour le 24\/04\/2019 \u00e0 11:17 Dans un rapport, le d\u00e9put\u00e9 (LREM) Jo\u00ebl Giraud, rapporteur g\u00e9n\u00e9ral de la commission des Finances, <a class=\"mh-excerpt-more\" href=\"http:\/\/joelgirauddepute.fr\/index.php\/2019\/04\/24\/les-menages-ont-deja-beneficie-de-11-milliards-deuros-de-baisses-de-prelevements-le-figaro\/\" title=\"Les m\u00e9nages ont d\u00e9j\u00e0 b\u00e9n\u00e9fici\u00e9 de 11 milliards d\u2019euros de baisses de pr\u00e9l\u00e8vements (Le Figaro)\">[&#8230;]<\/a><\/p>\n<\/div>","protected":false},"author":1,"featured_media":3973,"comment_status":"open","ping_status":"open","sticky":false,"template":"","format":"standard","meta":{"footnotes":""},"categories":[3,37,20,30,22,31],"tags":[],"class_list":["post-3972","post","type-post","status-publish","format-standard","has-post-thumbnail","hentry","category-commission","category-economie","category-finances","category-lrem","category-revue-de-presse","category-travaux-legislatifs"],"jetpack_featured_media_url":"http:\/\/joelgirauddepute.fr\/wp-content\/uploads\/2019\/04\/baisse-po.jpg","jetpack_sharing_enabled":true,"jetpack_shortlink":"https:\/\/wp.me\/pabfdt-124","_links":{"self":[{"href":"http:\/\/joelgirauddepute.fr\/index.php\/wp-json\/wp\/v2\/posts\/3972","targetHints":{"allow":["GET"]}}],"collection":[{"href":"http:\/\/joelgirauddepute.fr\/index.php\/wp-json\/wp\/v2\/posts"}],"about":[{"href":"http:\/\/joelgirauddepute.fr\/index.php\/wp-json\/wp\/v2\/types\/post"}],"author":[{"embeddable":true,"href":"http:\/\/joelgirauddepute.fr\/index.php\/wp-json\/wp\/v2\/users\/1"}],"replies":[{"embeddable":true,"href":"http:\/\/joelgirauddepute.fr\/index.php\/wp-json\/wp\/v2\/comments?post=3972"}],"version-history":[{"count":3,"href":"http:\/\/joelgirauddepute.fr\/index.php\/wp-json\/wp\/v2\/posts\/3972\/revisions"}],"predecessor-version":[{"id":3977,"href":"http:\/\/joelgirauddepute.fr\/index.php\/wp-json\/wp\/v2\/posts\/3972\/revisions\/3977"}],"wp:featuredmedia":[{"embeddable":true,"href":"http:\/\/joelgirauddepute.fr\/index.php\/wp-json\/wp\/v2\/media\/3973"}],"wp:attachment":[{"href":"http:\/\/joelgirauddepute.fr\/index.php\/wp-json\/wp\/v2\/media?parent=3972"}],"wp:term":[{"taxonomy":"category","embeddable":true,"href":"http:\/\/joelgirauddepute.fr\/index.php\/wp-json\/wp\/v2\/categories?post=3972"},{"taxonomy":"post_tag","embeddable":true,"href":"http:\/\/joelgirauddepute.fr\/index.php\/wp-json\/wp\/v2\/tags?post=3972"}],"curies":[{"name":"wp","href":"https:\/\/api.w.org\/{rel}","templated":true}]}}