{"id":3963,"date":"2019-04-24T13:06:10","date_gmt":"2019-04-24T11:06:10","guid":{"rendered":"http:\/\/joelgirauddepute.fr\/?p=3963"},"modified":"2019-04-26T10:00:14","modified_gmt":"2019-04-26T08:00:14","slug":"la-secretaire-detat-emmanuelle-wargon-signe-le-contrat-de-transition-ecologique-du-pays-brianconnais-ecrins-guillestrois-queyras-demain-a-briancon-pour-que-transition-ecologique-rime-avec-de","status":"publish","type":"post","link":"http:\/\/joelgirauddepute.fr\/index.php\/2019\/04\/24\/la-secretaire-detat-emmanuelle-wargon-signe-le-contrat-de-transition-ecologique-du-pays-brianconnais-ecrins-guillestrois-queyras-demain-a-briancon-pour-que-transition-ecologique-rime-avec-de\/","title":{"rendered":"La Secr\u00e9taire d\u2019Etat Emmanuelle Wargon signe le Contrat de transition \u00e9cologique du Pays Brian\u00e7onnais-Ecrins-Guillestrois-Queyras demain \u00e0 Brian\u00e7on, pour que transition \u00e9cologique rime avec d\u00e9veloppement \u00e9conomique"},"content":{"rendered":"\n<p>Annonc\u00e9e en juillet 2018 par S\u00e9bastien Lecornu, alors Secr\u00e9taire d\u2019Etat aupr\u00e8s du ministre charg\u00e9 de la Transition \u00e9cologique et solidaire, la s\u00e9lection du P\u00f4le d\u2019Equilibre Territorial et Rural (PETR) du Brian\u00e7onnais, des Ecrins, du Guillestrois et du Queyras parmi les 13 territoires pilotes en France concern\u00e9s par les Contrats de transition \u00e9cologique (CTE) initi\u00e9s par le Gouvernement suite \u00e0 l\u2019adoption du Plan Climat en 2017 marquait l\u2019engagement et la qualit\u00e9 des nombreuses initiatives de ce territoire en mati\u00e8re environnementale, que cela soit dans les domaines de l\u2019\u00e9nergie, la pr\u00e9servation et la valorisation de l\u2019environnement, la gestion int\u00e9gr\u00e9e des risques naturels, les circuits courts, l\u2019agriculture, la mobilit\u00e9 int\u00e9gr\u00e9e, les gestion des d\u00e9chets ou encore la diversification touristique. Le d\u00e9put\u00e9 Jo\u00ebl Giraud, qui avait vivement soutenu sa candidature en organisant d\u00e8s 2017 un entretien entre le Pr\u00e9sident du PETR, Pierre Leroy et le cabinet de S\u00e9bastien Lecornu , les deux hommes s\u2019\u00e9tant ensuite rencontr\u00e9s le 10 janvier lors de la visite du Ministre et de Jean-Michel Blanquer, se r\u00e9jouit ainsi vivement de la venue de la nouvelle Secr\u00e9taire d\u2019Etat aupr\u00e8s du ministre d\u2019Etat charg\u00e9 de la Transition \u00e9cologique et solidaire, Emmanuelle Wargon, pour la signature de la charte d\u2019engagement et du CTE ce 25 avril au si\u00e8ge de la Communaut\u00e9 de communes du Brian\u00e7onnais apr\u00e8s une visite de terrain \u00e0 Puy Saint Andr\u00e9. Premier territoire de montagne retenu pour un CTE, le PETR Brian\u00e7onnais &#8211; \u00c9crins &#8211; Guillestrois &#8211; Queyras est d\u00e9j\u00e0 engag\u00e9 dans un \u00ab Plan climat air \u00e9nergie territoriale \u00bb consistant \u00e0 r\u00e9duire de mani\u00e8re substantielle les consommations \u00e9nerg\u00e9tiques et \u00e9missions de gaz \u00e0 effet de serre (GES) pour atteindre une part de 32% d\u2019\u00e9nergies renouvelables dans la consommation finale, mais aussi dans le dispositif \u00ab Territoire \u00e0 \u00e9nergie positive pour la croissance verte \u00bb (TEPCV) et la d\u00e9marche \u00ab 0 d\u00e9chet 0 gaspillage \u00bb. Programme d\u2019actions sur 3 \u00e0 4 ans pour accompagner les mutations \u00e9cologiques et \u00e9conomiques, le CTE permettra de mobiliser financements et ing\u00e9nierie pouvant \u00eatre apport\u00e9s par les services de l\u2019\u00c9tat et les \u00e9tablissements publics (ADEME, Caisse des d\u00e9p\u00f4ts -Banque des territoires\u2026) aupr\u00e8s de porteurs de projets priv\u00e9s et publics autour de 5 orientations strat\u00e9giques retenues par le PETR : autonomie alimentaire, gestion des d\u00e9chets, logements, \u00e9co-mobilit\u00e9 et autonomie \u00e9nerg\u00e9tique. Pour le d\u00e9put\u00e9, \u00ab ce dispositif innovant associant acteurs publics et priv\u00e9s pour un accompagnement de l\u2019Etat \u00e0 la carte, en fonction des dynamiques du territoire et avec des objectifs concrets de r\u00e9sultats est la preuve que la transition \u00e9cologique peut se conjuguer avec le d\u00e9veloppement \u00e9conomique, mieux elle doit en \u00eatre un moteur essentiel. \u00bb <\/p>\n\n\n\n<p>Article lu sur <em>dici.fr <\/em>le 24 Avril : <a rel=\"noreferrer noopener\" aria-label=\" (s\u2019ouvre dans un nouvel onglet)\" href=\"http:\/\/joelgirauddepute.fr\/wp-content\/uploads\/2019\/04\/pr\u00e9cedent-cp.pdf\" target=\"_blank\">http:\/\/joelgirauddepute.fr\/wp-content\/uploads\/2019\/04\/pr\u00e9cedent-cp.pdf<\/a><\/p>\n","protected":false},"excerpt":{"rendered":"<div class=\"mh-excerpt\"><p>Annonc\u00e9e en juillet 2018 par S\u00e9bastien Lecornu, alors Secr\u00e9taire d\u2019Etat aupr\u00e8s du ministre charg\u00e9 de la Transition \u00e9cologique et solidaire, la s\u00e9lection du P\u00f4le d\u2019Equilibre <a class=\"mh-excerpt-more\" href=\"http:\/\/joelgirauddepute.fr\/index.php\/2019\/04\/24\/la-secretaire-detat-emmanuelle-wargon-signe-le-contrat-de-transition-ecologique-du-pays-brianconnais-ecrins-guillestrois-queyras-demain-a-briancon-pour-que-transition-ecologique-rime-avec-de\/\" title=\"La Secr\u00e9taire d\u2019Etat Emmanuelle Wargon signe le Contrat de transition \u00e9cologique du Pays Brian\u00e7onnais-Ecrins-Guillestrois-Queyras demain \u00e0 Brian\u00e7on, pour que transition \u00e9cologique rime avec d\u00e9veloppement \u00e9conomique\">[&#8230;]<\/a><\/p>\n<\/div>","protected":false},"author":1,"featured_media":3964,"comment_status":"open","ping_status":"open","sticky":false,"template":"","format":"standard","meta":{"footnotes":""},"categories":[4,6,29,43,16],"tags":[],"class_list":["post-3963","post","type-post","status-publish","format-standard","has-post-thumbnail","hentry","category-circo","category-communiques","category-developpement-durable","category-hautes-alpes","category-visite-ministerielle"],"jetpack_featured_media_url":"http:\/\/joelgirauddepute.fr\/wp-content\/uploads\/2019\/04\/e-wargon-et-s-lecornu.png","jetpack_sharing_enabled":true,"jetpack_shortlink":"https:\/\/wp.me\/pabfdt-11V","_links":{"self":[{"href":"http:\/\/joelgirauddepute.fr\/index.php\/wp-json\/wp\/v2\/posts\/3963","targetHints":{"allow":["GET"]}}],"collection":[{"href":"http:\/\/joelgirauddepute.fr\/index.php\/wp-json\/wp\/v2\/posts"}],"about":[{"href":"http:\/\/joelgirauddepute.fr\/index.php\/wp-json\/wp\/v2\/types\/post"}],"author":[{"embeddable":true,"href":"http:\/\/joelgirauddepute.fr\/index.php\/wp-json\/wp\/v2\/users\/1"}],"replies":[{"embeddable":true,"href":"http:\/\/joelgirauddepute.fr\/index.php\/wp-json\/wp\/v2\/comments?post=3963"}],"version-history":[{"count":3,"href":"http:\/\/joelgirauddepute.fr\/index.php\/wp-json\/wp\/v2\/posts\/3963\/revisions"}],"predecessor-version":[{"id":4032,"href":"http:\/\/joelgirauddepute.fr\/index.php\/wp-json\/wp\/v2\/posts\/3963\/revisions\/4032"}],"wp:featuredmedia":[{"embeddable":true,"href":"http:\/\/joelgirauddepute.fr\/index.php\/wp-json\/wp\/v2\/media\/3964"}],"wp:attachment":[{"href":"http:\/\/joelgirauddepute.fr\/index.php\/wp-json\/wp\/v2\/media?parent=3963"}],"wp:term":[{"taxonomy":"category","embeddable":true,"href":"http:\/\/joelgirauddepute.fr\/index.php\/wp-json\/wp\/v2\/categories?post=3963"},{"taxonomy":"post_tag","embeddable":true,"href":"http:\/\/joelgirauddepute.fr\/index.php\/wp-json\/wp\/v2\/tags?post=3963"}],"curies":[{"name":"wp","href":"https:\/\/api.w.org\/{rel}","templated":true}]}}