{"id":3924,"date":"2019-04-15T16:00:31","date_gmt":"2019-04-15T14:00:31","guid":{"rendered":"http:\/\/joelgirauddepute.fr\/?p=3924"},"modified":"2019-04-17T08:52:45","modified_gmt":"2019-04-17T06:52:45","slug":"simplifions-lacces-aux-fonds-europeens-pour-ameliorer-leur-utilisation","status":"publish","type":"post","link":"http:\/\/joelgirauddepute.fr\/index.php\/2019\/04\/15\/simplifions-lacces-aux-fonds-europeens-pour-ameliorer-leur-utilisation\/","title":{"rendered":"Simplifions l\u2019acc\u00e8s aux fonds europ\u00e9ens pour am\u00e9liorer leur utilisation"},"content":{"rendered":"\n<p>Nombre de s\u00e9nateurs et d\u00e9put\u00e9s\nissus de tous les bords politiques, dont Jo\u00ebl Giraud, ont sign\u00e9 un courrier\ndemandant une simplification des proc\u00e9dures d\u2019acc\u00e8s aux fonds europ\u00e9ens (LEADER\n&#8211; FEADER), ce afin d\u2019optimiser leur utilisation. <\/p>\n\n\n\n<p>Au 15 avril 2019 seuls 5,45 % des 687 millions d\u2019euros du fonds LEADER destin\u00e9s \u00e0 la France ont \u00e9t\u00e9 attribu\u00e9s, le fonds ayant pour objectif de soutenir le d\u00e9veloppement rural avec un grand nombre de projets trouvant tous leur sens sur notre territoire : inclusion sociale, d\u00e9veloppement \u00e9conomique des zones rurales, modernisation et transformation des pratiques agricoles, financement des services aux publics dans les territoires. <\/p>\n\n\n\n<p>8 000 projets sont aujourd\u2019hui\nen attente de ces fonds. Derri\u00e8re ces nombreux projets se trouvent souvent des\npetites structures financi\u00e8rement en p\u00e9ril ayant un besoin urgent de ces\nfinancements pour poursuivent leurs actions.<\/p>\n\n\n\n<p>Les fonds non consomm\u00e9s d\u2019ici la\nfin du programme LEADER en 2020 seront d\u00e9finitivement perdus pour nos\nterritoires ruraux.&nbsp; <\/p>\n\n\n\n<p>En 2013, la France avait d\u00e9j\u00e0\nrenonc\u00e9 \u00e0 1,2 milliards d\u2019euros de subventions. La crainte de voir la France\nrenoncer \u00e0 des fonds europ\u00e9ens pour la seconde fois est donc r\u00e9elle. <\/p>\n\n\n\n<p>Jo\u00ebl Giraud et l\u2019ensemble des signataires de cette lettre demandent au Pr\u00e9sident de la R\u00e9publique, au Premier ministre, au Commissaire europ\u00e9en en charge de l\u2019Agriculture et du D\u00e9veloppement rural, au Ministre charg\u00e9s des relations avec le Parlement, \u00e0 la Secr\u00e9taire d\u2019\u00c9tat en charge des Affaires europ\u00e9ennes, au Ministre de l\u2019Agriculture et de l\u2019Alimentation, au Minist\u00e8re de la Coh\u00e9sion des territoires et des Relations avec les collectivit\u00e9s territoriales, aux pr\u00e9sidents de R\u00e9gion et candidats aux \u00e9lections europ\u00e9ennes de tous bords politiques de prendre conscience de l\u2019urgence de la situation. Pour cela, un plan de sauvetage est demand\u00e9 pour : &nbsp;&nbsp;<\/p>\n\n\n\n<ul class=\"wp-block-list\"><li> Lib\u00e9rer en urgence les fonds destin\u00e9s aux porteurs de projet ;<\/li><\/ul>\n\n\n\n<ul class=\"wp-block-list\"><li>R\u00e9former la gestion des fonds en France, en simplifiant la proc\u00e9dure et la lisibilit\u00e9 administrative de mani\u00e8re drastique ;<\/li><\/ul>\n\n\n\n<ul class=\"wp-block-list\"><li>Tirer les enseignements de la situation actuelle, en pr\u00e9vision de la n\u00e9gociation de la future programmation des fonds.<\/li><\/ul>\n\n\n\n<p>Lettre co-sign\u00e9 par Jo\u00ebl Giraud : <a rel=\"noreferrer noopener\" aria-label=\" (s\u2019ouvre dans un nouvel onglet)\" href=\"http:\/\/joelgirauddepute.fr\/wp-content\/uploads\/2019\/04\/Lettre-interpellation-Fonds-europ\u00e9ens_PR.pdf\" target=\"_blank\">http:\/\/joelgirauddepute.fr\/wp-content\/uploads\/2019\/04\/Lettre-interpellation-Fonds-europ\u00e9ens_PR.pdf<\/a><\/p>\n\n\n\n<p>Lu sur ledauphine.com le 17 Avril 2019 : <a href=\"https:\/\/c.ledauphine.com\/politique\/2019\/04\/17\/fonds-europeens-joel-giraud-craint-la-possible-perte-de-650-millions-d-euros\">https:\/\/c.ledauphine.com\/politique\/2019\/04\/17\/fonds-europeens-joel-giraud-craint-la-possible-perte-de-650-millions-d-euros<\/a><\/p>\n","protected":false},"excerpt":{"rendered":"<div class=\"mh-excerpt\"><p>Nombre de s\u00e9nateurs et d\u00e9put\u00e9s issus de tous les bords politiques, dont Jo\u00ebl Giraud, ont sign\u00e9 un courrier demandant une simplification des proc\u00e9dures d\u2019acc\u00e8s aux <a class=\"mh-excerpt-more\" href=\"http:\/\/joelgirauddepute.fr\/index.php\/2019\/04\/15\/simplifions-lacces-aux-fonds-europeens-pour-ameliorer-leur-utilisation\/\" title=\"Simplifions l\u2019acc\u00e8s aux fonds europ\u00e9ens pour am\u00e9liorer leur utilisation\">[&#8230;]<\/a><\/p>\n<\/div>","protected":false},"author":1,"featured_media":2413,"comment_status":"open","ping_status":"open","sticky":false,"template":"","format":"standard","meta":{"footnotes":""},"categories":[33],"tags":[],"class_list":["post-3924","post","type-post","status-publish","format-standard","has-post-thumbnail","hentry","category-europe"],"jetpack_featured_media_url":"http:\/\/joelgirauddepute.fr\/wp-content\/uploads\/2018\/10\/drapeauxeuop\u00e9enetfrancaispng.png","jetpack_sharing_enabled":true,"jetpack_shortlink":"https:\/\/wp.me\/pabfdt-11i","_links":{"self":[{"href":"http:\/\/joelgirauddepute.fr\/index.php\/wp-json\/wp\/v2\/posts\/3924","targetHints":{"allow":["GET"]}}],"collection":[{"href":"http:\/\/joelgirauddepute.fr\/index.php\/wp-json\/wp\/v2\/posts"}],"about":[{"href":"http:\/\/joelgirauddepute.fr\/index.php\/wp-json\/wp\/v2\/types\/post"}],"author":[{"embeddable":true,"href":"http:\/\/joelgirauddepute.fr\/index.php\/wp-json\/wp\/v2\/users\/1"}],"replies":[{"embeddable":true,"href":"http:\/\/joelgirauddepute.fr\/index.php\/wp-json\/wp\/v2\/comments?post=3924"}],"version-history":[{"count":6,"href":"http:\/\/joelgirauddepute.fr\/index.php\/wp-json\/wp\/v2\/posts\/3924\/revisions"}],"predecessor-version":[{"id":3942,"href":"http:\/\/joelgirauddepute.fr\/index.php\/wp-json\/wp\/v2\/posts\/3924\/revisions\/3942"}],"wp:featuredmedia":[{"embeddable":true,"href":"http:\/\/joelgirauddepute.fr\/index.php\/wp-json\/wp\/v2\/media\/2413"}],"wp:attachment":[{"href":"http:\/\/joelgirauddepute.fr\/index.php\/wp-json\/wp\/v2\/media?parent=3924"}],"wp:term":[{"taxonomy":"category","embeddable":true,"href":"http:\/\/joelgirauddepute.fr\/index.php\/wp-json\/wp\/v2\/categories?post=3924"},{"taxonomy":"post_tag","embeddable":true,"href":"http:\/\/joelgirauddepute.fr\/index.php\/wp-json\/wp\/v2\/tags?post=3924"}],"curies":[{"name":"wp","href":"https:\/\/api.w.org\/{rel}","templated":true}]}}