{"id":3879,"date":"2019-04-09T23:00:16","date_gmt":"2019-04-09T21:00:16","guid":{"rendered":"http:\/\/joelgirauddepute.fr\/?p=3879"},"modified":"2019-04-11T12:57:29","modified_gmt":"2019-04-11T10:57:29","slug":"grandes-entreprises-lassemblee-valide-le-report-de-la-baisse-de-limpot-sur-les-societes","status":"publish","type":"post","link":"http:\/\/joelgirauddepute.fr\/index.php\/2019\/04\/09\/grandes-entreprises-lassemblee-valide-le-report-de-la-baisse-de-limpot-sur-les-societes\/","title":{"rendered":"Grandes entreprises : l&rsquo;Assembl\u00e9e valide le report de la baisse de l&rsquo;imp\u00f4t sur les soci\u00e9t\u00e9s"},"content":{"rendered":"\n<p>Apr\u00e8s une nouvelle soir\u00e9e de d\u00e9bats acharn\u00e9s, les d\u00e9put\u00e9s ont adopt\u00e9 mardi soir l&rsquo;article qui maintient pendant une ann\u00e9e un taux de 33% d&rsquo;imp\u00f4t sur les soci\u00e9t\u00e9s (IS) pour les entreprises r\u00e9alisant un chiffre d&rsquo;affaires d&rsquo;au moins 250 millions d&rsquo;euros. Seuls leurs b\u00e9n\u00e9fices au-del\u00e0 de 500 000 euros seront concern\u00e9s.<\/p>\n\n\n\n<h4 class=\"wp-block-heading\">Article de LCP Assembl\u00e9 Nationale du 9 Avril 2019 : <\/h4>\n\n\n\n<h3 class=\"wp-block-heading\"><strong>Grandes entreprises : l&rsquo;Assembl\u00e9e valide le report de la baisse de l&rsquo;imp\u00f4t sur les soci\u00e9t\u00e9s<\/strong><\/h3>\n\n\n\n<p>Apr\u00e8s une nouvelle soir\u00e9e de  d\u00e9bats acharn\u00e9s, les d\u00e9put\u00e9s ont adopt\u00e9 mardi soir l&rsquo;article qui  maintient pendant une ann\u00e9e un taux de 33% d&rsquo;imp\u00f4t sur les soci\u00e9t\u00e9s (IS)  pour les entreprises r\u00e9alisant un chiffre d&rsquo;affaires d&rsquo;au moins 250  millions d&rsquo;euros. Seuls leurs b\u00e9n\u00e9fices au-del\u00e0 de 500 000 euros seront  concern\u00e9s. <\/p>\n\n\n\n<p>Un petit pas des grandes entreprises, pour un grand pas dans le  financement des mesures de pouvoir d&rsquo;achat ? Le gouvernement et la  majorit\u00e9 ont en tout cas r\u00e9ussi \u00e0 faire approuver un report d&rsquo;une baisse  d&rsquo;imp\u00f4t sur les soci\u00e9t\u00e9s, de fa\u00e7on \u00e0 alimenter les caisses de l&rsquo;Etat  apr\u00e8s les gestes de d\u00e9cembre dernier pour r\u00e9pondre au mouvement des  \u00ab\u00a0gilets jaunes\u00a0\u00bb. Gain estim\u00e9 pour l&rsquo;Etat : 1,7 milliard d&rsquo;euros en 2019,  selon les estimations du rapporteur g\u00e9n\u00e9ral Jo\u00ebl Giraud. Une initiative  qui a continu\u00e9, pour la deuxi\u00e8me journ\u00e9e cons\u00e9cutive, de susciter une  forte d\u00e9sapprobation \u00e0 la droite de l&rsquo;h\u00e9micycle. <\/p>\n\n\n\n<h3 class=\"wp-block-heading\">Passe d&rsquo;armes entre le ministre des Finances et le pr\u00e9sident de la commission des Finances<\/h3>\n\n\n\n<figure class=\"wp-block-embed-twitter wp-block-embed is-type-rich is-provider-twitter\"><div class=\"wp-block-embed__wrapper\">\n<blockquote class=\"twitter-tweet\" data-width=\"500\" data-dnt=\"true\"><p lang=\"fr\" dir=\"ltr\">&quot;C&#39;est un tr\u00e8s mauvais signal donn\u00e9 aux entreprises et aux grandes entreprises. Les entreprises de 250 millions de chiffre d\u2019affaires repr\u00e9sentent plus de 47% de l\u2019imp\u00f4t sur les soci\u00e9t\u00e9s&quot;, d\u00e9nonce <a href=\"https:\/\/twitter.com\/ericwoerth?ref_src=twsrc%5Etfw\">@ericwoerth<\/a>.<a href=\"https:\/\/twitter.com\/hashtag\/DirectAN?src=hash&amp;ref_src=twsrc%5Etfw\">#DirectAN<\/a> <a href=\"https:\/\/twitter.com\/hashtag\/GrandesEntreprises?src=hash&amp;ref_src=twsrc%5Etfw\">#GrandesEntreprises<\/a> <a href=\"https:\/\/t.co\/T22vazDWaF\">pic.twitter.com\/T22vazDWaF<\/a><\/p>&mdash; LCP (@LCP) <a href=\"https:\/\/twitter.com\/LCP\/status\/1115709474457522177?ref_src=twsrc%5Etfw\">April 9, 2019<\/a><\/blockquote><script async src=\"https:\/\/platform.twitter.com\/widgets.js\" charset=\"utf-8\"><\/script>\n<\/div><\/figure>\n\n\n\n<p>Un d\u00e9saccord illustr\u00e9 par une s\u00e9rie d&rsquo;interpellations et de r\u00e9ponses  entre le ministre de l\u2019\u00c9conomie et des Finances Bruno Le Maire d&rsquo;un  c\u00f4t\u00e9, et de l&rsquo;autre, le pr\u00e9sident de la commission des Finances \u00e0  l&rsquo;Assembl\u00e9e Eric Woerth, tous deux membres, avant l&rsquo;\u00e9lection  pr\u00e9sidentielle de 2017, du m\u00eame parti \u00ab\u00a0Les R\u00e9publicains\u00a0\u00bb. \u00c0 trois  reprises pourtant les deux hommes se r\u00e9pondent, le ministre de  l\u2019\u00c9conomie plaidant une nouvelle fois que le gouvernement tiendra bien son engagement d&rsquo;un abaissement de l&rsquo;imp\u00f4t sur les soci\u00e9t\u00e9s \u00e0 25% en 2022, \u00e0 la fin du  quinquennat d&rsquo;Emmanuel Macron. Attaqu\u00e9 sur son propre bilan, Eric  Woerth, ancien ministre du Budget de Nicolas Sarkozy, s&rsquo;exasp\u00e8re et  rappelle \u00e0 Bruno Le Maire les graves complications issues de la crise  \u00e9conomique de 2008. <\/p>\n\n\n\n<figure class=\"wp-block-embed-twitter wp-block-embed is-type-rich is-provider-twitter\"><div class=\"wp-block-embed__wrapper\">\n<blockquote class=\"twitter-tweet\" data-width=\"500\" data-dnt=\"true\"><p lang=\"fr\" dir=\"ltr\">&quot;Si j\u2019avais \u00e9t\u00e9 ministre du Budget \u00e0 l\u2019\u00e9poque o\u00f9 nous sommes, j\u2019aurais r\u00eav\u00e9 de b\u00e9n\u00e9ficier d\u2019une telle croissance ! Vous \u00eates une majorit\u00e9 qui navigue par beau temps ! Tout le monde est un bon navigateur par bon temps !&quot;, tranche <a href=\"https:\/\/twitter.com\/ericwoerth?ref_src=twsrc%5Etfw\">@ericwoerth<\/a>.<a href=\"https:\/\/twitter.com\/hashtag\/DirectAN?src=hash&amp;ref_src=twsrc%5Etfw\">#DirectAN<\/a> <a href=\"https:\/\/t.co\/VbYJMdjXey\">pic.twitter.com\/VbYJMdjXey<\/a><\/p>&mdash; LCP (@LCP) <a href=\"https:\/\/twitter.com\/LCP\/status\/1115721290243919872?ref_src=twsrc%5Etfw\">April 9, 2019<\/a><\/blockquote><script async src=\"https:\/\/platform.twitter.com\/widgets.js\" charset=\"utf-8\"><\/script>\n<\/div><\/figure>\n\n\n\n<p>Le dernier mot reviendra au ministre en poste qui soulignera, en guise de point final, le rapport de l&rsquo;OCDE remis dans la journ\u00e9e et qui anticipe une possible augmentation du \u00ab\u00a0PIB par habitant de 3,2% \u00e0 un horizon de dix ans\u00a0\u00bb gr\u00e2ce, selon l&rsquo;OCDE, aux r\u00e9formes entreprises depuis deux ans.<br><\/p>\n\n\n\n<p>L&rsquo;opposition de gauche a pour sa part essay\u00e9, \u00e0 plusieurs reprises,  de faire augmenter l&rsquo;effort fiscal demand\u00e9 aux plus grandes  entreprises. Des tentatives rest\u00e9es lettre morte, aucun amendement  parlementaire n&rsquo;ayant \u00e9t\u00e9 accept\u00e9 sur un article 2 adopt\u00e9 par 60 voix  contre 34. <\/p>\n\n\n\n<figure class=\"wp-block-image\"><img loading=\"lazy\" decoding=\"async\" width=\"616\" height=\"628\" src=\"http:\/\/joelgirauddepute.fr\/wp-content\/uploads\/2019\/04\/screen-twwet.png\" alt=\"\" class=\"wp-image-3886\" srcset=\"http:\/\/joelgirauddepute.fr\/wp-content\/uploads\/2019\/04\/screen-twwet.png 616w, http:\/\/joelgirauddepute.fr\/wp-content\/uploads\/2019\/04\/screen-twwet-294x300.png 294w\" sizes=\"auto, (max-width: 616px) 100vw, 616px\" \/><\/figure>\n\n\n\n<h3 class=\"wp-block-heading\"><strong>Le projet de loi adopt\u00e9 largement<\/strong><\/h3>\n\n\n\n<p>Seul gage donn\u00e9 \u00e0 un amendement, lors de la s\u00e9ance de mardi, l&rsquo;initiative des d\u00e9put\u00e9s UDI, Agir et Ind\u00e9pendants en faveur de la commande tous les ans, \u00e0 la fin septembre, d&rsquo;un rapport d&rsquo;\u00e9valuation sur l&rsquo;efficacit\u00e9 de la taxe de 3% sur le num\u00e9rique.<\/p>\n\n\n\n<p>Les diff\u00e9rents groupes politiques \u00e0 l&rsquo;Assembl\u00e9e ont ensuite d\u00e9fendu  leurs positions sur le projet de loi dans son ensemble. Si chez Les  R\u00e9publicains, La France insoumise et le Parti communiste, le principe  d&rsquo;une taxe sur le num\u00e9rique est largement approuv\u00e9, le report de l&rsquo;imp\u00f4t  sur les soci\u00e9t\u00e9s suscite \u00e0 l&rsquo;inverse une forte d\u00e9sapprobation. Les  trois mouvements opteront finalement pour une abstention de leurs  d\u00e9put\u00e9s. Le Parti socialiste lui, comme le MoDem et La R\u00e9publique en  Marche, voteront le projet de loi dans son ensemble. Seuls sept votes  oppos\u00e9s au projet de loi seront comptabilis\u00e9s, dont quatre issus de  d\u00e9put\u00e9s UDI, Agir et Ind\u00e9pendants.<\/p>\n\n\n\n<figure class=\"wp-block-embed-twitter wp-block-embed is-type-rich is-provider-twitter\"><div class=\"wp-block-embed__wrapper\">\n<blockquote class=\"twitter-tweet\" data-width=\"500\" data-dnt=\"true\"><p lang=\"fr\" dir=\"ltr\">Le projet de loi a \u00e9t\u00e9 adopt\u00e9 par 81 voix contre 7. &quot;Vos voix p\u00e8seront lourd quand la France ira n\u00e9gocier la taxation du num\u00e9rique \u00e0 l\u2019OCDE. Si nous avons un r\u00e9sultat, ce sera aussi gr\u00e2ce \u00e0 vous&quot;, remercie <a href=\"https:\/\/twitter.com\/BrunoLeMaire?ref_src=twsrc%5Etfw\">@BrunoLeMaire<\/a>.<a href=\"https:\/\/twitter.com\/hashtag\/DirectAN?src=hash&amp;ref_src=twsrc%5Etfw\">#DirectAN<\/a> <a href=\"https:\/\/t.co\/zcZcB3wnAf\">pic.twitter.com\/zcZcB3wnAf<\/a><\/p>&mdash; LCP (@LCP) <a href=\"https:\/\/twitter.com\/LCP\/status\/1115730571521474560?ref_src=twsrc%5Etfw\">April 9, 2019<\/a><\/blockquote><script async src=\"https:\/\/platform.twitter.com\/widgets.js\" charset=\"utf-8\"><\/script>\n<\/div><\/figure>\n\n\n\n<p>Le S\u00e9nat, \u00e0 dominante Les R\u00e9publicains, va d\u00e9sormais se saisir du texte,  avant un prochain retour du projet de loi dans l&rsquo;h\u00e9micycle de  l&rsquo;Assembl\u00e9e nationale. <\/p>\n","protected":false},"excerpt":{"rendered":"<div class=\"mh-excerpt\"><p>Apr\u00e8s une nouvelle soir\u00e9e de d\u00e9bats acharn\u00e9s, les d\u00e9put\u00e9s ont adopt\u00e9 mardi soir l&rsquo;article qui maintient pendant une ann\u00e9e un taux de 33% d&rsquo;imp\u00f4t sur <a class=\"mh-excerpt-more\" href=\"http:\/\/joelgirauddepute.fr\/index.php\/2019\/04\/09\/grandes-entreprises-lassemblee-valide-le-report-de-la-baisse-de-limpot-sur-les-societes\/\" title=\"Grandes entreprises : l&rsquo;Assembl\u00e9e valide le report de la baisse de l&rsquo;imp\u00f4t sur les soci\u00e9t\u00e9s\">[&#8230;]<\/a><\/p>\n<\/div>","protected":false},"author":1,"featured_media":3882,"comment_status":"open","ping_status":"open","sticky":false,"template":"","format":"standard","meta":{"footnotes":""},"categories":[1],"tags":[],"class_list":["post-3879","post","type-post","status-publish","format-standard","has-post-thumbnail","hentry","category-non-classe"],"jetpack_featured_media_url":"http:\/\/joelgirauddepute.fr\/wp-content\/uploads\/2019\/04\/photo-pr\u00e9sentation-article.jpg","jetpack_sharing_enabled":true,"jetpack_shortlink":"https:\/\/wp.me\/pabfdt-10z","_links":{"self":[{"href":"http:\/\/joelgirauddepute.fr\/index.php\/wp-json\/wp\/v2\/posts\/3879","targetHints":{"allow":["GET"]}}],"collection":[{"href":"http:\/\/joelgirauddepute.fr\/index.php\/wp-json\/wp\/v2\/posts"}],"about":[{"href":"http:\/\/joelgirauddepute.fr\/index.php\/wp-json\/wp\/v2\/types\/post"}],"author":[{"embeddable":true,"href":"http:\/\/joelgirauddepute.fr\/index.php\/wp-json\/wp\/v2\/users\/1"}],"replies":[{"embeddable":true,"href":"http:\/\/joelgirauddepute.fr\/index.php\/wp-json\/wp\/v2\/comments?post=3879"}],"version-history":[{"count":3,"href":"http:\/\/joelgirauddepute.fr\/index.php\/wp-json\/wp\/v2\/posts\/3879\/revisions"}],"predecessor-version":[{"id":3898,"href":"http:\/\/joelgirauddepute.fr\/index.php\/wp-json\/wp\/v2\/posts\/3879\/revisions\/3898"}],"wp:featuredmedia":[{"embeddable":true,"href":"http:\/\/joelgirauddepute.fr\/index.php\/wp-json\/wp\/v2\/media\/3882"}],"wp:attachment":[{"href":"http:\/\/joelgirauddepute.fr\/index.php\/wp-json\/wp\/v2\/media?parent=3879"}],"wp:term":[{"taxonomy":"category","embeddable":true,"href":"http:\/\/joelgirauddepute.fr\/index.php\/wp-json\/wp\/v2\/categories?post=3879"},{"taxonomy":"post_tag","embeddable":true,"href":"http:\/\/joelgirauddepute.fr\/index.php\/wp-json\/wp\/v2\/tags?post=3879"}],"curies":[{"name":"wp","href":"https:\/\/api.w.org\/{rel}","templated":true}]}}