{"id":3674,"date":"2019-03-27T12:25:02","date_gmt":"2019-03-27T11:25:02","guid":{"rendered":"http:\/\/joelgirauddepute.fr\/?p=3674"},"modified":"2019-03-27T16:38:12","modified_gmt":"2019-03-27T15:38:12","slug":"le-depute-joel-giraud-salue-la-selection-du-dossier-vergers-des-alpes-a-lhorizon-2030-dans-le-cadre-de-lappel-a-manifestation-dinteret-structuration-des-filieres-agricoles-et-agroal","status":"publish","type":"post","link":"http:\/\/joelgirauddepute.fr\/index.php\/2019\/03\/27\/le-depute-joel-giraud-salue-la-selection-du-dossier-vergers-des-alpes-a-lhorizon-2030-dans-le-cadre-de-lappel-a-manifestation-dinteret-structuration-des-filieres-agricoles-et-agroal\/","title":{"rendered":"Jo\u00ebl Giraud salue la s\u00e9lection du dossier \u00ab\u00a0Vergers des Alpes \u00e0 l&rsquo;horizon 2030\u00a0\u00bb dans le cadre de l&rsquo;appel \u00e0 manifestation d\u2019int\u00e9r\u00eat \u00ab\u00a0Structuration des fili\u00e8res agricoles et agroalimentaires\u00a0\u00bb et rappelle qu\u2019\u00e0 ce stade l\u2019Etat va financer \u00e0 hauteur de 60 000\u20ac l\u2019ing\u00e9nierie de ce projet"},"content":{"rendered":"\n<p> Le d\u00e9put\u00e9 Jo\u00ebl Giraud se f\u00e9licite de la s\u00e9lection du projet \u00ab\u00a0Vergers des  Alpes \u00e0 l\u2019horizon 2030\u00a0\u00bb, port\u00e9 par l\u2019Agence de d\u00e9veloppement 05, parmi  les 28 laur\u00e9ats de l\u2019appel \u00e0 manifestation d\u2019int\u00e9r\u00eat \u00ab Structuration des  fili\u00e8res agricoles et agroalimentaires \u00bb lanc\u00e9 par le ministre de  l\u2019Agriculture et l\u2019Alimentation courant \u00e9t\u00e9 2018 et op\u00e9r\u00e9 par  FranceAgriMer. Cet appel \u00e0 manifestation d\u2019int\u00e9r\u00eat devait identifier des  projets particuli\u00e8rement structurants ou innovants, de dimension supra  r\u00e9gionale, ou des projets pilotes, pour les fili\u00e8res agricoles et  agroalimentaires, n\u00e9cessitant un accompagnement compl\u00e9mentaire aux  dispositifs d&rsquo;aide existants. Cette premi\u00e8re \u00e9tape doit permettre  d\u2019accompagner le d\u00e9veloppement des projets s\u00e9lectionn\u00e9s en prenant en  charge une partie du co\u00fbt d\u2019ing\u00e9nierie, jusqu\u2019\u00e0 100 000 \u20ac par projet. In  fine, le montant total d\u2019aide maximum de l\u2019Etat pour l\u2019ensemble des 28  laur\u00e9ats doit s\u2019\u00e9lever \u00e0 1,7 million d\u2019euros, pour un montant total de  d\u00e9penses \u00e9ligibles de 3,5 millions d\u2019euros. <strong>Le projet de renouvellement des vergers de la vall\u00e9e de Haute-Durance b\u00e9n\u00e9ficie ainsi \u00e0 ce stade de 60 000 \u20ac de subventions pour 120 000 \u20ac de travaux d&rsquo;ing\u00e9nierie.<\/strong>  Plus qu\u2019une bouff\u00e9e d\u2019oxyg\u00e8ne pour la fili\u00e8re arboricole apr\u00e8s la s\u00e9rie  de difficult\u00e9s auxquelles elle a \u00e9t\u00e9 confront\u00e9e ces derniers temps avec  la gel\u00e9e noire ou le feu bact\u00e9rien, cette aide doit absolument  permettre de maintenir la qualit\u00e9 et le niveau de production du  d\u00e9partement, reconnu \u00e0 l\u2019international pour ses vergers. Il faudra  ensuite transformer l\u2019essai, une fois ce travail pr\u00e9alable effectu\u00e9. <\/p>\n\n\n\n<p>Article d&rsquo;Alpes 1 : <a href=\"http:\/\/alpesdusud.alpes1.com\/news\/hautes-alpes\/76431\/hautes-alpes-1-7-million-d-euros-pour-28-vergers-laureats\">http:\/\/alpesdusud.alpes1.com\/news\/hautes-alpes\/76431\/hautes-alpes-1-7-million-d-euros-pour-28-vergers-laureats<\/a><\/p>\n","protected":false},"excerpt":{"rendered":"<div class=\"mh-excerpt\"><p>Le d\u00e9put\u00e9 Jo\u00ebl Giraud se f\u00e9licite de la s\u00e9lection du projet \u00ab\u00a0Vergers des Alpes \u00e0 l\u2019horizon 2030\u00a0\u00bb, port\u00e9 par l\u2019Agence de d\u00e9veloppement 05, parmi les <a class=\"mh-excerpt-more\" href=\"http:\/\/joelgirauddepute.fr\/index.php\/2019\/03\/27\/le-depute-joel-giraud-salue-la-selection-du-dossier-vergers-des-alpes-a-lhorizon-2030-dans-le-cadre-de-lappel-a-manifestation-dinteret-structuration-des-filieres-agricoles-et-agroal\/\" title=\"Jo\u00ebl Giraud salue la s\u00e9lection du dossier \u00ab\u00a0Vergers des Alpes \u00e0 l&rsquo;horizon 2030\u00a0\u00bb dans le cadre de l&rsquo;appel \u00e0 manifestation d\u2019int\u00e9r\u00eat \u00ab\u00a0Structuration des fili\u00e8res agricoles et agroalimentaires\u00a0\u00bb et rappelle qu\u2019\u00e0 ce stade l\u2019Etat va financer \u00e0 hauteur de 60 000\u20ac l\u2019ing\u00e9nierie de ce projet\">[&#8230;]<\/a><\/p>\n<\/div>","protected":false},"author":1,"featured_media":2357,"comment_status":"open","ping_status":"open","sticky":false,"template":"","format":"standard","meta":{"footnotes":""},"categories":[1],"tags":[],"class_list":["post-3674","post","type-post","status-publish","format-standard","has-post-thumbnail","hentry","category-non-classe"],"jetpack_featured_media_url":"http:\/\/joelgirauddepute.fr\/wp-content\/uploads\/2018\/10\/2857224-4038170.jpg","jetpack_sharing_enabled":true,"jetpack_shortlink":"https:\/\/wp.me\/pabfdt-Xg","_links":{"self":[{"href":"http:\/\/joelgirauddepute.fr\/index.php\/wp-json\/wp\/v2\/posts\/3674","targetHints":{"allow":["GET"]}}],"collection":[{"href":"http:\/\/joelgirauddepute.fr\/index.php\/wp-json\/wp\/v2\/posts"}],"about":[{"href":"http:\/\/joelgirauddepute.fr\/index.php\/wp-json\/wp\/v2\/types\/post"}],"author":[{"embeddable":true,"href":"http:\/\/joelgirauddepute.fr\/index.php\/wp-json\/wp\/v2\/users\/1"}],"replies":[{"embeddable":true,"href":"http:\/\/joelgirauddepute.fr\/index.php\/wp-json\/wp\/v2\/comments?post=3674"}],"version-history":[{"count":4,"href":"http:\/\/joelgirauddepute.fr\/index.php\/wp-json\/wp\/v2\/posts\/3674\/revisions"}],"predecessor-version":[{"id":3679,"href":"http:\/\/joelgirauddepute.fr\/index.php\/wp-json\/wp\/v2\/posts\/3674\/revisions\/3679"}],"wp:featuredmedia":[{"embeddable":true,"href":"http:\/\/joelgirauddepute.fr\/index.php\/wp-json\/wp\/v2\/media\/2357"}],"wp:attachment":[{"href":"http:\/\/joelgirauddepute.fr\/index.php\/wp-json\/wp\/v2\/media?parent=3674"}],"wp:term":[{"taxonomy":"category","embeddable":true,"href":"http:\/\/joelgirauddepute.fr\/index.php\/wp-json\/wp\/v2\/categories?post=3674"},{"taxonomy":"post_tag","embeddable":true,"href":"http:\/\/joelgirauddepute.fr\/index.php\/wp-json\/wp\/v2\/tags?post=3674"}],"curies":[{"name":"wp","href":"https:\/\/api.w.org\/{rel}","templated":true}]}}