{"id":3621,"date":"2019-03-24T09:54:21","date_gmt":"2019-03-24T08:54:21","guid":{"rendered":"http:\/\/joelgirauddepute.fr\/?p=3621"},"modified":"2019-04-09T08:33:03","modified_gmt":"2019-04-09T06:33:03","slug":"tests-osseux-pour-determiner-la-minorite-des-migrants-valides-par-le-conseil-constitutionnel-le-depute-joel-giraud-rappelle-le-devoir-de-vigilance","status":"publish","type":"post","link":"http:\/\/joelgirauddepute.fr\/index.php\/2019\/03\/24\/tests-osseux-pour-determiner-la-minorite-des-migrants-valides-par-le-conseil-constitutionnel-le-depute-joel-giraud-rappelle-le-devoir-de-vigilance\/","title":{"rendered":"Tests osseux pour d\u00e9terminer la minorit\u00e9 des migrants valid\u00e9s par le Conseil constitutionnel : le d\u00e9put\u00e9 Jo\u00ebl Giraud rappelle le devoir de vigilance"},"content":{"rendered":"\n<p><br>Suite \u00e0 la d\u00e9cision du 21 mars du Conseil constitutionnel de d\u00e9clarer conformes \u00e0 la Constitution les examens radiologiques utilis\u00e9s pour \u00e9valuer la minorit\u00e9 des jeunes sollicitant une protection en tant que mineurs isol\u00e9s, le d\u00e9put\u00e9 et Rapporteur g\u00e9n\u00e9ral Jo\u00ebl Giraud soutient la position de la d\u00e9put\u00e9e des Alpes de Haute-Provence Delphine Bagarry et tient \u00e0 rappeler les principes stricts qui doivent pr\u00e9sider \u00e0 leur usage au titre de l\u2019article 388 du code civil modifi\u00e9 par la loi du 14 mars 2016 relative \u00e0 la protection de l&rsquo;enfant, \u00e0 savoir que le doute profite toujours \u00e0 l\u2019int\u00e9ress\u00e9 en cas d\u2019\u00e9l\u00e9ments contradictoires et relativement \u00e0 la n\u00e9cessaire prise en compte de la marge d\u2019erreur que doivent pr\u00e9ciser les conclusions des examens osseux, qui ne peuvent ainsi, \u00ab \u00e0 elles seules, permettre de d\u00e9terminer si l\u2019int\u00e9ress\u00e9 est mineur\u00bb. Le d\u00e9put\u00e9 haut-alpin s\u2019\u00e9tait d\u00e9j\u00e0 vivement \u00e9lev\u00e9 face au gouvernement socialiste en novembre 2015 lors des discussions de la proposition de loi contre la finalit\u00e9 judiciaire de ces tests m\u00e9dicaux largement contest\u00e9e par de tr\u00e8s nombreuses instances m\u00e9dicales, scientifiques et \u00e9thiques, notamment pour leur marge d\u2019erreur \u2013 de dix-huit mois \u00e0 deux ans- et les cons\u00e9quences n\u00e9fastes que cela entra\u00eene pour les jeunes isol\u00e9s vuln\u00e9rables en raison de leur \u00e2ge et parcours, rappelant le devoir de protection de l\u2019int\u00e9r\u00eat sup\u00e9rieur de l\u2019enfant et de l\u2019adolescent, garanti par la Constitution et les conventions internationales.<\/p>\n\n\n\n<p>Lettre commune de J. GIRAUD et D. BAGARRY : <a href=\"http:\/\/joelgirauddepute.fr\/wp-content\/uploads\/2019\/04\/Courrier-J.-GIRAUD-et-D.-BAGARRY-Test-osseux-4-04-19.pdf\">http:\/\/joelgirauddepute.fr\/wp-content\/uploads\/2019\/04\/Courrier-J.-GIRAUD-et-D.-BAGARRY-Test-osseux-4-04-19.pdf<\/a><\/p>\n\n\n\n<p>article du DL : <a href=\"http:\/\/joelgirauddepute.fr\/wp-content\/uploads\/2019\/03\/art.-DL-tests-osseux-25-03-19.pdf\">http:\/\/joelgirauddepute.fr\/wp-content\/uploads\/2019\/03\/art.-DL-tests-osseux-25-03-19.pdf<\/a><\/p>\n\n\n\n<p>article du DL : <a href=\"http:\/\/joelgirauddepute.fr\/wp-content\/uploads\/2019\/04\/art.-DL-test-osseux-JG-DB-8-04-19.pdf\">http:\/\/joelgirauddepute.fr\/wp-content\/uploads\/2019\/04\/art.-DL-test-osseux-JG-DB-8-04-19.pdf<\/a><\/p>\n\n\n\n<p>article de Alpes 1 : <a href=\"http:\/\/alpesdusud.alpes1.com\/news\/locales\/76663\/alpes-du-sud-examens-radiologiques-osseux-sur-les-migrants-deux-parlementaires-s-y-opposent\">http:\/\/alpesdusud.alpes1.com\/news\/locales\/76663\/alpes-du-sud-examens-radiologiques-osseux-sur-les-migrants-deux-parlementaires-s-y-opposent<\/a><\/p>\n\n\n\n<p>article de DICI TV : <\/p>\n\n\n\n<p><strong>Alpes du Sud: : les d\u00e9put\u00e9s Bagarry et Giraud perplexes quant \u00e0 l\u2019usage des tests osseux pour d\u00e9terminer l\u2019\u00e2ge des migrants    <\/strong>          <\/p>\n\n\n\n<p>Publi\u00e9 par jean Eymar le ven, 22\/03\/2019 &#8211; 15:06      <\/p>\n\n\n\n<p>D\u00e9put\u00e9e\n oppos\u00e9e \u00e0 l\u2019usage des tests osseux, Delphine BAGARRY, D\u00e9put\u00e9e des Alpes\n de Haute-Provence, indique dans un communiqu\u00e9 prendre acte de la \nd\u00e9cision du Conseil constitutionnel jugeant conformes les garanties \npos\u00e9es par le l\u00e9gislateur pour l\u2019utilisation d\u2019un examen radiologique \nosseux pour d\u00e9terminer l\u2019\u00e2ge d\u2019une personne, sujet qui concerne \ndirectement l&rsquo;accueil des migrants.<\/p>\n\n\n\n<p><strong>Son communiqu\u00e9<\/strong><\/p>\n\n\n\n<p><em>Malgr\u00e9 tout, le juge constitutionnel a \u00e9mis des r\u00e9serves \nimportantes : il a rappel\u00e9 que les droits constitutionnels de l\u2019enfant \nn\u2019\u00e9taient garantis qu\u2019\u00e0 la condition que les autorit\u00e9s administratives \net judiciaires comp\u00e9tentes s\u2019assuraient du respect du caract\u00e8re \nsubsidiaire du recours aux tests osseux.<\/em><\/p>\n\n\n\n<p><em>Au regard des \u00e9l\u00e9ments constat\u00e9s jusqu\u2019\u00e0 pr\u00e9sent, il appara\u00eet que\n cette exigence constitutionnelle doit imp\u00e9rativement \u00eatre \u00e9tablie.<\/em><\/p>\n\n\n\n<p><em>Des r\u00e8gles nationales ont \u00e9t\u00e9 d\u00e9termin\u00e9es, pos\u00e9es par voie \nr\u00e9glementaire et sanctionn\u00e9es par les tribunaux des deux ordres de \njuridiction et elles n\u2019ont pas permis de garantir, localement, la \nprimaut\u00e9 de l\u2019int\u00e9r\u00eat du mineur sur celui du d\u00e9partement.<\/em><\/p>\n\n\n\n<p><em>Leur application se heurte au pouvoir discr\u00e9tionnaire  d\u2019appr\u00e9ciation que les textes accordent implicitement au pr\u00e9sident du  conseil d\u00e9partemental. Il en r\u00e9sulte des pratiques d\u2019\u00e9valuation non  harmonis\u00e9es qui entra\u00eenent des taux de reconnaissance de minorit\u00e9 tr\u00e8s  variables d\u2019un d\u00e9partement \u00e0 l\u2019autre.<\/em><\/p>\n\n\n\n<p><em>A ce titre, je maintiens n\u00e9cessairement les propositions que j\u2019avais pr\u00e9sent\u00e9es en novembre 2017 devant le Parlement : <\/em><\/p>\n\n\n\n<p><em>&nbsp;&nbsp;&nbsp;&nbsp;&nbsp;&nbsp;&nbsp;&nbsp;&nbsp;&nbsp;&nbsp; Inscrire dans la loi des r\u00e8gles d\u2019\u00e9valuation communes\n aux d\u00e9partements, conform\u00e9ment au principe de l\u2019\u00e9galit\u00e9 devant la loi.<\/em><\/p>\n\n\n\n<p><em>&nbsp;&nbsp;&nbsp;&nbsp;&nbsp;&nbsp;&nbsp;&nbsp;&nbsp;&nbsp;&nbsp; Interdire le recours aux tests osseux car \u00e0 ce stade,\n le l\u00e9gislateur n\u2019a pas l\u2019assurance que les exigences pos\u00e9es dans la loi\n du 14 mars 2016 relative \u00e0 la protection de l&rsquo;enfant soient respect\u00e9es.<\/em><\/p>\n\n\n\n<p><strong>Examens osseux pour d\u00e9terminer la minorit\u00e9 des migrants \nvalid\u00e9s par le Conseil constitutionnel : le d\u00e9put\u00e9 Jo\u00ebl Giraud rappelle \nle devoir de vigilance<\/strong><\/p>\n\n\n\n<p>Suite \u00e0 la d\u00e9cision du 21 mars du Conseil constitutionnel de d\u00e9clarer\n conformes \u00e0 la Constitution les examens radiologiques utilis\u00e9s pour \n\u00e9valuer la minorit\u00e9 des jeunes sollicitant une protection en tant que \nmineurs isol\u00e9s, le d\u00e9put\u00e9 et Rapporteur g\u00e9n\u00e9ral Jo\u00ebl Giraud soutient la \nposition de la d\u00e9put\u00e9e des Alpes de Haute-Provence Delphine Bagarry et \ntient \u00e0 rappeler les principes stricts qui doivent pr\u00e9sider \u00e0 leur usage\n au titre de l\u2019article 388 du code civil modifi\u00e9 par la loi du 14 mars \n2016 relative \u00e0 la protection de l&rsquo;enfant, \u00e0 savoir que le doute profite\n toujours \u00e0 l\u2019int\u00e9ress\u00e9 en cas d\u2019\u00e9l\u00e9ments contradictoires et \nrelativement \u00e0 la n\u00e9cessaire prise en compte de la marge d\u2019erreur que \ndoivent pr\u00e9ciser les conclusions des examens osseux, qui ne peuvent \nainsi, \u00ab \u00e0 elles seules, permettre de d\u00e9terminer si l\u2019int\u00e9ress\u00e9 est \nmineur\u00bb. Le d\u00e9put\u00e9 haut-alpin s\u2019\u00e9tait d\u00e9j\u00e0 vivement \u00e9lev\u00e9 face au \ngouvernement socialiste en novembre 2015 lors des discussions de la \nproposition de loi contre la finalit\u00e9 judiciaire de ces tests m\u00e9dicaux \nlargement contest\u00e9e par de tr\u00e8s nombreuses instances m\u00e9dicales, \nscientifiques et \u00e9thiques, notamment pour leur marge d\u2019erreur \u2013 de \ndix-huit mois \u00e0 deux ans- et les cons\u00e9quences n\u00e9fastes que cela entra\u00eene\n pour les jeunes isol\u00e9s vuln\u00e9rables en raison de leur \u00e2ge et parcours, \nrappelant le devoir de protection de l\u2019int\u00e9r\u00eat sup\u00e9rieur de l\u2019enfant et \nde l\u2019adolescent, garanti par la Constitution et les conventions \ninternationales.<\/p>\n\n\n\n<p>A se sujet, retour sur une belle initiative qui, dans la p\u00e9riode que  nous connaissons, a \u00e9norm\u00e9ment de sens. L\u2019Alliance Football Champsaur  Valgaudemar a organis\u00e9 ce samedi un grand tournoi de la fraternit\u00e9 avec  le soutien de nombreuses associations dont la CIMADE. Une belle  r\u00e9ussite, le tournoi de la fraternit\u00e9 qui a rassembl\u00e9 les Champsaurins  et les jeunes mineurs h\u00e9berg\u00e9s dans la vall\u00e9e a \u00e9t\u00e9 couronn\u00e9 de succ\u00e8s.  Une journ\u00e9e pour briser la glace et o\u00f9, en cette p\u00e9riode de mondial, il  est d\u00e9montr\u00e9 qu&rsquo;une fois encore le sport est un bel outil pour  rapprocher les peuples et pour r\u00e9unir, comme ce samedi \u00e0 Chabottes,  dans&nbsp;la convivialit\u00e9, des gens si diff\u00e9rents qu&rsquo;eux : des jeunes  Africains de plusieurs pays qui se retrouvent en pleine montagne d&rsquo;une  part et des Champsaurins d\u00e9contenanc\u00e9s par la pr\u00e9sence de pr\u00e8s de 200  jeunes exil\u00e9s.&nbsp;<\/p>\n\n\n\n<p><br><\/p>\n","protected":false},"excerpt":{"rendered":"<div class=\"mh-excerpt\"><p>Suite \u00e0 la d\u00e9cision du 21 mars du Conseil constitutionnel de d\u00e9clarer conformes \u00e0 la Constitution les examens radiologiques utilis\u00e9s pour \u00e9valuer la minorit\u00e9 des <a class=\"mh-excerpt-more\" href=\"http:\/\/joelgirauddepute.fr\/index.php\/2019\/03\/24\/tests-osseux-pour-determiner-la-minorite-des-migrants-valides-par-le-conseil-constitutionnel-le-depute-joel-giraud-rappelle-le-devoir-de-vigilance\/\" title=\"Tests osseux pour d\u00e9terminer la minorit\u00e9 des migrants valid\u00e9s par le Conseil constitutionnel : le d\u00e9put\u00e9 Jo\u00ebl Giraud rappelle le devoir de vigilance\">[&#8230;]<\/a><\/p>\n<\/div>","protected":false},"author":1,"featured_media":3613,"comment_status":"open","ping_status":"open","sticky":false,"template":"","format":"standard","meta":{"footnotes":""},"categories":[1],"tags":[],"class_list":["post-3621","post","type-post","status-publish","format-standard","has-post-thumbnail","hentry","category-non-classe"],"jetpack_featured_media_url":"http:\/\/joelgirauddepute.fr\/wp-content\/uploads\/2019\/03\/test-osseux.jpg","jetpack_sharing_enabled":true,"jetpack_shortlink":"https:\/\/wp.me\/pabfdt-Wp","_links":{"self":[{"href":"http:\/\/joelgirauddepute.fr\/index.php\/wp-json\/wp\/v2\/posts\/3621","targetHints":{"allow":["GET"]}}],"collection":[{"href":"http:\/\/joelgirauddepute.fr\/index.php\/wp-json\/wp\/v2\/posts"}],"about":[{"href":"http:\/\/joelgirauddepute.fr\/index.php\/wp-json\/wp\/v2\/types\/post"}],"author":[{"embeddable":true,"href":"http:\/\/joelgirauddepute.fr\/index.php\/wp-json\/wp\/v2\/users\/1"}],"replies":[{"embeddable":true,"href":"http:\/\/joelgirauddepute.fr\/index.php\/wp-json\/wp\/v2\/comments?post=3621"}],"version-history":[{"count":6,"href":"http:\/\/joelgirauddepute.fr\/index.php\/wp-json\/wp\/v2\/posts\/3621\/revisions"}],"predecessor-version":[{"id":3832,"href":"http:\/\/joelgirauddepute.fr\/index.php\/wp-json\/wp\/v2\/posts\/3621\/revisions\/3832"}],"wp:featuredmedia":[{"embeddable":true,"href":"http:\/\/joelgirauddepute.fr\/index.php\/wp-json\/wp\/v2\/media\/3613"}],"wp:attachment":[{"href":"http:\/\/joelgirauddepute.fr\/index.php\/wp-json\/wp\/v2\/media?parent=3621"}],"wp:term":[{"taxonomy":"category","embeddable":true,"href":"http:\/\/joelgirauddepute.fr\/index.php\/wp-json\/wp\/v2\/categories?post=3621"},{"taxonomy":"post_tag","embeddable":true,"href":"http:\/\/joelgirauddepute.fr\/index.php\/wp-json\/wp\/v2\/tags?post=3621"}],"curies":[{"name":"wp","href":"https:\/\/api.w.org\/{rel}","templated":true}]}}