{"id":3584,"date":"2019-03-20T20:01:16","date_gmt":"2019-03-20T19:01:16","guid":{"rendered":"http:\/\/joelgirauddepute.fr\/?p=3584"},"modified":"2019-03-22T09:57:32","modified_gmt":"2019-03-22T08:57:32","slug":"joel-giraud-defend-le-maintien-du-centre-meteo-de-briancon-au-ministere-de-lecologie","status":"publish","type":"post","link":"http:\/\/joelgirauddepute.fr\/index.php\/2019\/03\/20\/joel-giraud-defend-le-maintien-du-centre-meteo-de-briancon-au-ministere-de-lecologie\/","title":{"rendered":"Jo\u00ebl Giraud d\u00e9fend le maintien du Centre m\u00e9t\u00e9o de Brian\u00e7on au Minist\u00e8re de l\u2019Ecologie"},"content":{"rendered":"\n<p>Aujourd\u2019hui s\u2019est tenue la pr\u00e9sentation du rapport de la mission du Conseil G\u00e9n\u00e9ral de l\u2019Environnement et du D\u00e9veloppement Durable relative \u00e0 l\u2019organisation de M\u00e9t\u00e9o France dans les Alpes du Nord en mati\u00e8re de gestion des risques d\u2019avalanches, \u00e0 laquelle a assist\u00e9 Jo\u00ebl Giraud.<\/p>\n\n\n\n<p>D\u2019abord, le d\u00e9put\u00e9 des Hautes-Alpes a regrett\u00e9 que le rapport ne s\u2019attarde pas davantage sur les Alpes du Sud, qui m\u00e9ritent pourtant la m\u00eame attention que les Alpes du Nord. Il a regrett\u00e9 que la commande minist\u00e9rielle ne concerne pas, comme le veut la loi, le Massif des Alpes dans son ensemble. En effet, la centralisation des activit\u00e9s de pr\u00e9vision m\u00e9t\u00e9o et de pr\u00e9vision des risques d\u2019avalanches vers le centre de Grenoble, pr\u00e9vue par M\u00e9t\u00e9o France est incompatible avec un maillage territorial efficace.<\/p>\n\n\n\n<p>Jo\u00ebl Giraud a fustig\u00e9 cette d\u00e9cision qui, comme le souligne le rapport, risque d\u2019engendrer une perte en qualit\u00e9 des pr\u00e9visions due \u00e0 un \u00e9loignement du terrain et, par cons\u00e9quent, des probl\u00e8mes de s\u00e9curit\u00e9 pour les usagers de la montagne. En effet, la centralisation se justifie par des progr\u00e8s technologiques en mati\u00e8re de mod\u00e9lisation. Or, ces nouveaux syst\u00e8mes ont d\u00e9j\u00e0 montr\u00e9 leurs limites sur la zone de Brian\u00e7on, en t\u00e9moigne l\u2019\u00e9pisode neigeux du 1<sup>er<\/sup> f\u00e9vrier lors duquel les pr\u00e9visions automatis\u00e9es indiquaient une limite pluie\/neige entre 1500 et 1800 m\u00e8tres alors qu\u2019elle s\u2019\u00e9tait \u00e9tablie autour de 800 m\u00e8tres. Au demeurant, les inspecteurs g\u00e9n\u00e9raux en charge du rapport ont confirm\u00e9 qu\u2019aucune mod\u00e9lisation n\u2019\u00e9tait fiable sans agents de terrains.<\/p>\n\n\n\n<p>Le d\u00e9put\u00e9 des Hautes-Alpes a donc convi\u00e9 Jean-Marc Lacave, PDG de M\u00e9t\u00e9o-France, \u00e0 la prochaine commission permanente du Conseil National de la Montagne pour \u00e9voquer ces questions et le rencontrera dans les semaines \u00e0 venir afin d\u2019obtenir de plus amples informations sur le sort r\u00e9serv\u00e9 en particulier au centre de Brian\u00e7on, grand oubli\u00e9 de ce rapport.<\/p>\n\n\n\n<p>article de DICI TV :<\/p>\n\n\n\n<h1 class=\"wp-block-heading\">Hautes-Alpes : l&rsquo;antenne M\u00e9t\u00e9o France de Brian\u00e7on potentiellement sauv\u00e9e<\/h1>\n\n\n\n<p>\n                Publi\u00e9 par Adrien CITEAU le jeu, 21\/03\/2019 &#8211; 15:26      <\/p>\n\n\n\n<figure class=\"wp-block-image\"><img decoding=\"async\" src=\"https:\/\/www.dici.fr\/sites\/dici.fr\/files\/styles\/homepage_une_big\/public\/2019\/03\/21\/1245144-capturedecran2019-03-15a100556.png?itok=q7nY42ZQ\" alt=\"\"\/><\/figure>\n\n\n\n<p>Menac\u00e9e  de fermeture, l&rsquo;antenne M\u00e9t\u00e9o France de Brian\u00e7on pourrait \u00eatre sauv\u00e9e.  En effet, apr\u00e8s r\u00e9union au Minist\u00e8re de l&rsquo;Ecologie ce mercredi soir, en  pr\u00e9sence des pr\u00e9fectures et \u00e9lus alpins, les premiers retours se veulent  rassurants. Selon nos informations, il semblerait que le projet soit  suspendu en l&rsquo;\u00e9tat, m\u00eame si les conditions de pr\u00e9servation ne sont pas  encore \u00e9tablies. Une prochaine r\u00e9union devrait avoir lieu d&rsquo;ici trois  mois pour ent\u00e9riner la d\u00e9cision. Pour rappel, il s&rsquo;agissait de regrouper  \u00e0 Grenoble les services alpins de pr\u00e9vision du risque avalanche,  \u00e9loignant du terrain les nivologues, augmentant le risque de pr\u00e9visions  approximatives et donc, la s\u00e9curit\u00e9 des usagers de la montagne.<\/p>\n\n\n\n<p>article du Dauphin\u00e9 Lib\u00e9r\u00e9 : <a href=\"http:\/\/joelgirauddepute.fr\/wp-content\/uploads\/2019\/03\/Art-dl-bri-m\u00e9t\u00e9o.png\">http:\/\/joelgirauddepute.fr\/wp-content\/uploads\/2019\/03\/Art-dl-bri-m\u00e9t\u00e9o.png<\/a><\/p>\n","protected":false},"excerpt":{"rendered":"<div class=\"mh-excerpt\"><p>Aujourd\u2019hui s\u2019est tenue la pr\u00e9sentation du rapport de la mission du Conseil G\u00e9n\u00e9ral de l\u2019Environnement et du D\u00e9veloppement Durable relative \u00e0 l\u2019organisation de M\u00e9t\u00e9o France <a class=\"mh-excerpt-more\" href=\"http:\/\/joelgirauddepute.fr\/index.php\/2019\/03\/20\/joel-giraud-defend-le-maintien-du-centre-meteo-de-briancon-au-ministere-de-lecologie\/\" title=\"Jo\u00ebl Giraud d\u00e9fend le maintien du Centre m\u00e9t\u00e9o de Brian\u00e7on au Minist\u00e8re de l\u2019Ecologie\">[&#8230;]<\/a><\/p>\n<\/div>","protected":false},"author":1,"featured_media":3585,"comment_status":"open","ping_status":"open","sticky":false,"template":"","format":"standard","meta":{"footnotes":""},"categories":[1],"tags":[],"class_list":["post-3584","post","type-post","status-publish","format-standard","has-post-thumbnail","hentry","category-non-classe"],"jetpack_featured_media_url":"http:\/\/joelgirauddepute.fr\/wp-content\/uploads\/2019\/03\/9643-2.jpg","jetpack_sharing_enabled":true,"jetpack_shortlink":"https:\/\/wp.me\/pabfdt-VO","_links":{"self":[{"href":"http:\/\/joelgirauddepute.fr\/index.php\/wp-json\/wp\/v2\/posts\/3584","targetHints":{"allow":["GET"]}}],"collection":[{"href":"http:\/\/joelgirauddepute.fr\/index.php\/wp-json\/wp\/v2\/posts"}],"about":[{"href":"http:\/\/joelgirauddepute.fr\/index.php\/wp-json\/wp\/v2\/types\/post"}],"author":[{"embeddable":true,"href":"http:\/\/joelgirauddepute.fr\/index.php\/wp-json\/wp\/v2\/users\/1"}],"replies":[{"embeddable":true,"href":"http:\/\/joelgirauddepute.fr\/index.php\/wp-json\/wp\/v2\/comments?post=3584"}],"version-history":[{"count":8,"href":"http:\/\/joelgirauddepute.fr\/index.php\/wp-json\/wp\/v2\/posts\/3584\/revisions"}],"predecessor-version":[{"id":3607,"href":"http:\/\/joelgirauddepute.fr\/index.php\/wp-json\/wp\/v2\/posts\/3584\/revisions\/3607"}],"wp:featuredmedia":[{"embeddable":true,"href":"http:\/\/joelgirauddepute.fr\/index.php\/wp-json\/wp\/v2\/media\/3585"}],"wp:attachment":[{"href":"http:\/\/joelgirauddepute.fr\/index.php\/wp-json\/wp\/v2\/media?parent=3584"}],"wp:term":[{"taxonomy":"category","embeddable":true,"href":"http:\/\/joelgirauddepute.fr\/index.php\/wp-json\/wp\/v2\/categories?post=3584"},{"taxonomy":"post_tag","embeddable":true,"href":"http:\/\/joelgirauddepute.fr\/index.php\/wp-json\/wp\/v2\/tags?post=3584"}],"curies":[{"name":"wp","href":"https:\/\/api.w.org\/{rel}","templated":true}]}}