{"id":3551,"date":"2019-03-19T17:35:24","date_gmt":"2019-03-19T16:35:24","guid":{"rendered":"http:\/\/joelgirauddepute.fr\/?p=3551"},"modified":"2019-03-21T09:51:39","modified_gmt":"2019-03-21T08:51:39","slug":"57e-anniversaire-du-cessez-le-feu-en-algerie","status":"publish","type":"post","link":"http:\/\/joelgirauddepute.fr\/index.php\/2019\/03\/19\/57e-anniversaire-du-cessez-le-feu-en-algerie\/","title":{"rendered":"57e anniversaire du \u00ab\u00a0Cessez-le-feu\u00a0\u00bb en Alg\u00e9rie"},"content":{"rendered":"\n<p>Comme chaque ann\u00e9e, le d\u00e9put\u00e9 Jo\u00ebl Giraud s\u2019est associ\u00e9 le 19 mars \u00e0 la c\u00e9r\u00e9monie du souvenir organis\u00e9e \u00e0 l\u2019occasion du 57e anniversaire du \u00ab Cessez le Feu \u00bb en Alg\u00e9rie par la F\u00e9d\u00e9ration nationale des anciens combattants en Alg\u00e9rie, Maroc et Tunisie avec la participation du Groupe historique du 159e RIA de Brian\u00e7on. <\/p>\n\n\n\n<p>Anciens combattants, \u00e9lus et population ont ainsi rendu hommage aux victimes civiles et militaires des combats d\u2019Afrique du nord, perp\u00e9tuant le n\u00e9cessaire devoir de m\u00e9moire le jour d\u2019anniversaire du cessez-le-feu en Alg\u00e9rie, pour pr\u00e9server l\u2019avenir, jamais acquis.<\/p>\n\n\n\n<p>Tr\u00e8s impliqu\u00e9 dans la reconnaissance de la guerre d\u2019Alg\u00e9rie et de sa journ\u00e9e comm\u00e9morative du 19 mars aux c\u00f4t\u00e9s des anciens combattants et des victimes, le d\u00e9put\u00e9 haut-alpin avait \u00e9t\u00e9 \u00e0 l\u2019initiative d\u2019une proposition de loi sur ce sujet d\u00e9pos\u00e9e en 2007, avant de soutenir la proposition de loi finalement promulgu\u00e9e le 6 d\u00e9cembre 2012, instituant la Journ\u00e9e nationale du souvenir, soucieux du \u00ab\u00a0devoir de rendre justice, par le souvenir, \u00e0 un autre que soi\u00a0\u00bb selon le mot de Paul Ricoeur.<\/p>\n\n\n\n<p>article du Dauphin\u00e9 Lib\u00e9r\u00e9 : <a href=\"http:\/\/joelgirauddepute.fr\/wp-content\/uploads\/2019\/03\/art.-DL-57e-anniversaire-Cessez-le-feu-en-Alg\u00e9rie-21-03-19.pdf\">http:\/\/joelgirauddepute.fr\/wp-content\/uploads\/2019\/03\/art.-DL-57e-anniversaire-Cessez-le-feu-en-Alg\u00e9rie-21-03-19.pdf<\/a>: <\/p>\n\n\n\n<figure><iframe loading=\"lazy\" src=\"https:\/\/player.vimeo.com\/video\/325199447\" allowfullscreen=\"\" width=\"640\" height=\"360\"><\/iframe><\/figure>\n\n\n\n<figure class=\"wp-block-image\"><img loading=\"lazy\" decoding=\"async\" width=\"1024\" height=\"684\" src=\"http:\/\/joelgirauddepute.fr\/wp-content\/uploads\/2019\/03\/DSC2846_3780-1024x684.jpg\" alt=\"\" class=\"wp-image-3557\" srcset=\"http:\/\/joelgirauddepute.fr\/wp-content\/uploads\/2019\/03\/DSC2846_3780-1024x684.jpg 1024w, http:\/\/joelgirauddepute.fr\/wp-content\/uploads\/2019\/03\/DSC2846_3780-300x200.jpg 300w, http:\/\/joelgirauddepute.fr\/wp-content\/uploads\/2019\/03\/DSC2846_3780-768x513.jpg 768w, http:\/\/joelgirauddepute.fr\/wp-content\/uploads\/2019\/03\/DSC2846_3780.jpg 1600w\" sizes=\"auto, (max-width: 1024px) 100vw, 1024px\" \/><\/figure>\n\n\n\n<figure class=\"wp-block-image\"><img loading=\"lazy\" decoding=\"async\" width=\"1024\" height=\"684\" src=\"http:\/\/joelgirauddepute.fr\/wp-content\/uploads\/2019\/03\/DSC2859_3793-1024x684.jpg\" alt=\"\" class=\"wp-image-3564\" srcset=\"http:\/\/joelgirauddepute.fr\/wp-content\/uploads\/2019\/03\/DSC2859_3793-1024x684.jpg 1024w, http:\/\/joelgirauddepute.fr\/wp-content\/uploads\/2019\/03\/DSC2859_3793-300x200.jpg 300w, http:\/\/joelgirauddepute.fr\/wp-content\/uploads\/2019\/03\/DSC2859_3793-768x513.jpg 768w, http:\/\/joelgirauddepute.fr\/wp-content\/uploads\/2019\/03\/DSC2859_3793.jpg 1600w\" sizes=\"auto, (max-width: 1024px) 100vw, 1024px\" \/><\/figure>\n\n\n\n<p>photos de Francis LAURENT du Dauphin\u00e9 Lib\u00e9r\u00e9<\/p>\n","protected":false},"excerpt":{"rendered":"<div class=\"mh-excerpt\"><p>Comme chaque ann\u00e9e, le d\u00e9put\u00e9 Jo\u00ebl Giraud s\u2019est associ\u00e9 le 19 mars \u00e0 la c\u00e9r\u00e9monie du souvenir organis\u00e9e \u00e0 l\u2019occasion du 57e anniversaire du \u00ab <a class=\"mh-excerpt-more\" href=\"http:\/\/joelgirauddepute.fr\/index.php\/2019\/03\/19\/57e-anniversaire-du-cessez-le-feu-en-algerie\/\" title=\"57e anniversaire du \u00ab\u00a0Cessez-le-feu\u00a0\u00bb en Alg\u00e9rie\">[&#8230;]<\/a><\/p>\n<\/div>","protected":false},"author":1,"featured_media":3558,"comment_status":"open","ping_status":"open","sticky":false,"template":"","format":"standard","meta":{"footnotes":""},"categories":[1],"tags":[],"class_list":["post-3551","post","type-post","status-publish","format-standard","has-post-thumbnail","hentry","category-non-classe"],"jetpack_featured_media_url":"http:\/\/joelgirauddepute.fr\/wp-content\/uploads\/2019\/03\/DSC2855_3789.jpg","jetpack_sharing_enabled":true,"jetpack_shortlink":"https:\/\/wp.me\/pabfdt-Vh","_links":{"self":[{"href":"http:\/\/joelgirauddepute.fr\/index.php\/wp-json\/wp\/v2\/posts\/3551","targetHints":{"allow":["GET"]}}],"collection":[{"href":"http:\/\/joelgirauddepute.fr\/index.php\/wp-json\/wp\/v2\/posts"}],"about":[{"href":"http:\/\/joelgirauddepute.fr\/index.php\/wp-json\/wp\/v2\/types\/post"}],"author":[{"embeddable":true,"href":"http:\/\/joelgirauddepute.fr\/index.php\/wp-json\/wp\/v2\/users\/1"}],"replies":[{"embeddable":true,"href":"http:\/\/joelgirauddepute.fr\/index.php\/wp-json\/wp\/v2\/comments?post=3551"}],"version-history":[{"count":9,"href":"http:\/\/joelgirauddepute.fr\/index.php\/wp-json\/wp\/v2\/posts\/3551\/revisions"}],"predecessor-version":[{"id":3593,"href":"http:\/\/joelgirauddepute.fr\/index.php\/wp-json\/wp\/v2\/posts\/3551\/revisions\/3593"}],"wp:featuredmedia":[{"embeddable":true,"href":"http:\/\/joelgirauddepute.fr\/index.php\/wp-json\/wp\/v2\/media\/3558"}],"wp:attachment":[{"href":"http:\/\/joelgirauddepute.fr\/index.php\/wp-json\/wp\/v2\/media?parent=3551"}],"wp:term":[{"taxonomy":"category","embeddable":true,"href":"http:\/\/joelgirauddepute.fr\/index.php\/wp-json\/wp\/v2\/categories?post=3551"},{"taxonomy":"post_tag","embeddable":true,"href":"http:\/\/joelgirauddepute.fr\/index.php\/wp-json\/wp\/v2\/tags?post=3551"}],"curies":[{"name":"wp","href":"https:\/\/api.w.org\/{rel}","templated":true}]}}