{"id":3513,"date":"2019-03-13T15:33:43","date_gmt":"2019-03-13T14:33:43","guid":{"rendered":"http:\/\/joelgirauddepute.fr\/?p=3513"},"modified":"2019-03-13T15:40:31","modified_gmt":"2019-03-13T14:40:31","slug":"matteo-pottier-bianchi-en-visite-a-lassemblee-nationale","status":"publish","type":"post","link":"http:\/\/joelgirauddepute.fr\/index.php\/2019\/03\/13\/matteo-pottier-bianchi-en-visite-a-lassemblee-nationale\/","title":{"rendered":"Matt\u00e9o POTTIER BIANCHI en visite \u00e0 l&rsquo;Assembl\u00e9e nationale"},"content":{"rendered":"\n<p>Jo\u00ebl GIRAUD, d\u00e9put\u00e9 des Hautes-Alpes et rapporteur g\u00e9n\u00e9ral de la Commission des Finances, a accueilli ce mercredi, \u00e0 l\u2019Assembl\u00e9e nationale Matt\u00e9o POTTIER BIANCHI, jeune porte-drapeau de l\u2019association des Filles et Fils de Tu\u00e9s, Orphelins, Veuves et Veufs de guerre, Pupilles de la Nation des Hautes-Alpes.  Etudiant \u00e0 la Sorbonne, passionn\u00e9 d\u2019histoire et curieux de d\u00e9couvrir la vie politique et tout sp\u00e9cialement les institutions de la R\u00e9publique, Matt\u00e9o POTTIER BIANCHI s\u2019est entretenu avec le rapporteur g\u00e9n\u00e9ral avant de visiter l\u2019Assembl\u00e9e nationale et d\u2019assister \u00e0 une s\u00e9ance de questions au gouvernement. <\/p>\n\n\n\n<figure class=\"wp-block-image\"><img loading=\"lazy\" decoding=\"async\" width=\"768\" height=\"1024\" src=\"http:\/\/joelgirauddepute.fr\/wp-content\/uploads\/2019\/03\/Matteo-Pottier-Bianchi-\u00e0-lAN-1-130319-e1552487652979-768x1024.jpg\" alt=\"\" class=\"wp-image-3514\" srcset=\"http:\/\/joelgirauddepute.fr\/wp-content\/uploads\/2019\/03\/Matteo-Pottier-Bianchi-\u00e0-lAN-1-130319-e1552487652979-768x1024.jpg 768w, http:\/\/joelgirauddepute.fr\/wp-content\/uploads\/2019\/03\/Matteo-Pottier-Bianchi-\u00e0-lAN-1-130319-e1552487652979-225x300.jpg 225w\" sizes=\"auto, (max-width: 768px) 100vw, 768px\" \/><figcaption>Jo\u00ebl GIRAUD et Matt\u00e9o POTTIER BIANCHI devant le monument aux morts de l&rsquo;Assembl\u00e9e nationale<\/figcaption><\/figure>\n","protected":false},"excerpt":{"rendered":"<div class=\"mh-excerpt\"><p>Jo\u00ebl GIRAUD, d\u00e9put\u00e9 des Hautes-Alpes et rapporteur g\u00e9n\u00e9ral de la Commission des Finances, a accueilli ce mercredi, \u00e0 l\u2019Assembl\u00e9e nationale Matt\u00e9o POTTIER BIANCHI, jeune porte-drapeau <a class=\"mh-excerpt-more\" href=\"http:\/\/joelgirauddepute.fr\/index.php\/2019\/03\/13\/matteo-pottier-bianchi-en-visite-a-lassemblee-nationale\/\" title=\"Matt\u00e9o POTTIER BIANCHI en visite \u00e0 l&rsquo;Assembl\u00e9e nationale\">[&#8230;]<\/a><\/p>\n<\/div>","protected":false},"author":1,"featured_media":3516,"comment_status":"open","ping_status":"open","sticky":false,"template":"","format":"standard","meta":{"footnotes":""},"categories":[4,43,1],"tags":[],"class_list":["post-3513","post","type-post","status-publish","format-standard","has-post-thumbnail","hentry","category-circo","category-hautes-alpes","category-non-classe"],"jetpack_featured_media_url":"http:\/\/joelgirauddepute.fr\/wp-content\/uploads\/2019\/03\/Matteo-Pottier-Bianchi-\u00e0-lAN-2-130319.jpg","jetpack_sharing_enabled":true,"jetpack_shortlink":"https:\/\/wp.me\/pabfdt-UF","_links":{"self":[{"href":"http:\/\/joelgirauddepute.fr\/index.php\/wp-json\/wp\/v2\/posts\/3513","targetHints":{"allow":["GET"]}}],"collection":[{"href":"http:\/\/joelgirauddepute.fr\/index.php\/wp-json\/wp\/v2\/posts"}],"about":[{"href":"http:\/\/joelgirauddepute.fr\/index.php\/wp-json\/wp\/v2\/types\/post"}],"author":[{"embeddable":true,"href":"http:\/\/joelgirauddepute.fr\/index.php\/wp-json\/wp\/v2\/users\/1"}],"replies":[{"embeddable":true,"href":"http:\/\/joelgirauddepute.fr\/index.php\/wp-json\/wp\/v2\/comments?post=3513"}],"version-history":[{"count":3,"href":"http:\/\/joelgirauddepute.fr\/index.php\/wp-json\/wp\/v2\/posts\/3513\/revisions"}],"predecessor-version":[{"id":3520,"href":"http:\/\/joelgirauddepute.fr\/index.php\/wp-json\/wp\/v2\/posts\/3513\/revisions\/3520"}],"wp:featuredmedia":[{"embeddable":true,"href":"http:\/\/joelgirauddepute.fr\/index.php\/wp-json\/wp\/v2\/media\/3516"}],"wp:attachment":[{"href":"http:\/\/joelgirauddepute.fr\/index.php\/wp-json\/wp\/v2\/media?parent=3513"}],"wp:term":[{"taxonomy":"category","embeddable":true,"href":"http:\/\/joelgirauddepute.fr\/index.php\/wp-json\/wp\/v2\/categories?post=3513"},{"taxonomy":"post_tag","embeddable":true,"href":"http:\/\/joelgirauddepute.fr\/index.php\/wp-json\/wp\/v2\/tags?post=3513"}],"curies":[{"name":"wp","href":"https:\/\/api.w.org\/{rel}","templated":true}]}}