{"id":3434,"date":"2019-03-01T16:13:40","date_gmt":"2019-03-01T15:13:40","guid":{"rendered":"http:\/\/joelgirauddepute.fr\/?p=3434"},"modified":"2019-03-04T10:57:40","modified_gmt":"2019-03-04T09:57:40","slug":"fermeture-du-centre-meteo-de-briancon-joel-giraud-saisit-le-gouvernement","status":"publish","type":"post","link":"http:\/\/joelgirauddepute.fr\/index.php\/2019\/03\/01\/fermeture-du-centre-meteo-de-briancon-joel-giraud-saisit-le-gouvernement\/","title":{"rendered":"Fermeture du centre m\u00e9t\u00e9o de Brian\u00e7on : Jo\u00ebl Giraud saisit le Gouvernement"},"content":{"rendered":"\n<p>Ce vendredi, Jo\u00ebl Giraud a alert\u00e9 Fran\u00e7ois de Rugy,&nbsp;Ministre de la Transition Ecologique et Solidaire, sur le projet de fermeture du centre m\u00e9t\u00e9o de Brian\u00e7on, et plus globalement de tous les centres m\u00e9t\u00e9o de montagne, engag\u00e9 par M\u00e9t\u00e9o-France.<\/p>\n\n\n\n<p>Le d\u00e9put\u00e9 des Hautes-Alpes insiste notamment sur la n\u00e9cessit\u00e9 de pr\u00e9server l&rsquo;expertise et la proximit\u00e9 de ces centres de montagne qui garantissent la pr\u00e9cision des pr\u00e9visions en mati\u00e8re de m\u00e9t\u00e9o et d&rsquo;avalanches.<\/p>\n\n\n\n<p>La copie de ce&nbsp;courrier est \u00e0 t\u00e9l\u00e9charger ici :<\/p>\n\n\n\n<div class=\"wp-block-file\"><a href=\"http:\/\/joelgirauddepute.fr\/wp-content\/uploads\/2019\/03\/AG010319-copie.pdf\">Courrier au Ministre d&rsquo;Etat, ministre de la Transition Ecologique et Solidaire<br><\/a><a href=\"http:\/\/joelgirauddepute.fr\/wp-content\/uploads\/2019\/03\/AG010319-copie.pdf\" class=\"wp-block-file__button\" download>T\u00e9l\u00e9charger<\/a><\/div>\n\n\n\n<p>Article du Dauphin\u00e9 Lib\u00e9r\u00e9 : <a href=\"http:\/\/joelgirauddepute.fr\/wp-content\/uploads\/2019\/03\/art.-DL-fermeture-antenne-m\u00e9t\u00e9o-france-4-03-19.pdf\">http:\/\/joelgirauddepute.fr\/wp-content\/uploads\/2019\/03\/art.-DL-fermeture-antenne-m\u00e9t\u00e9o-france-4-03-19.pdf<\/a><\/p>\n\n\n\n<p>Article d&rsquo;Alpes 1: <a href=\"http:\/\/alpesdusud.alpes1.com\/news\/hautes-alpes\/75896\/hautes-alpes-joel-giraud-veut-empecher-la-fermeture-de-meteo-france-a-briancon\">http:\/\/alpesdusud.alpes1.com\/news\/hautes-alpes\/75896\/hautes-alpes-joel-giraud-veut-empecher-la-fermeture-de-meteo-france-a-briancon<\/a><\/p>\n","protected":false},"excerpt":{"rendered":"<div class=\"mh-excerpt\"><p>Ce vendredi, Jo\u00ebl Giraud a alert\u00e9 Fran\u00e7ois de Rugy,&nbsp;Ministre de la Transition Ecologique et Solidaire, sur le projet de fermeture du centre m\u00e9t\u00e9o de Brian\u00e7on, <a class=\"mh-excerpt-more\" href=\"http:\/\/joelgirauddepute.fr\/index.php\/2019\/03\/01\/fermeture-du-centre-meteo-de-briancon-joel-giraud-saisit-le-gouvernement\/\" title=\"Fermeture du centre m\u00e9t\u00e9o de Brian\u00e7on : Jo\u00ebl Giraud saisit le Gouvernement\">[&#8230;]<\/a><\/p>\n<\/div>","protected":false},"author":1,"featured_media":3435,"comment_status":"open","ping_status":"open","sticky":false,"template":"","format":"standard","meta":{"footnotes":""},"categories":[1],"tags":[],"class_list":["post-3434","post","type-post","status-publish","format-standard","has-post-thumbnail","hentry","category-non-classe"],"jetpack_featured_media_url":"http:\/\/joelgirauddepute.fr\/wp-content\/uploads\/2019\/03\/LArgenti\u00e8re-la-Bess\u00e9e-neige.jpg","jetpack_sharing_enabled":true,"jetpack_shortlink":"https:\/\/wp.me\/pabfdt-To","_links":{"self":[{"href":"http:\/\/joelgirauddepute.fr\/index.php\/wp-json\/wp\/v2\/posts\/3434","targetHints":{"allow":["GET"]}}],"collection":[{"href":"http:\/\/joelgirauddepute.fr\/index.php\/wp-json\/wp\/v2\/posts"}],"about":[{"href":"http:\/\/joelgirauddepute.fr\/index.php\/wp-json\/wp\/v2\/types\/post"}],"author":[{"embeddable":true,"href":"http:\/\/joelgirauddepute.fr\/index.php\/wp-json\/wp\/v2\/users\/1"}],"replies":[{"embeddable":true,"href":"http:\/\/joelgirauddepute.fr\/index.php\/wp-json\/wp\/v2\/comments?post=3434"}],"version-history":[{"count":7,"href":"http:\/\/joelgirauddepute.fr\/index.php\/wp-json\/wp\/v2\/posts\/3434\/revisions"}],"predecessor-version":[{"id":3450,"href":"http:\/\/joelgirauddepute.fr\/index.php\/wp-json\/wp\/v2\/posts\/3434\/revisions\/3450"}],"wp:featuredmedia":[{"embeddable":true,"href":"http:\/\/joelgirauddepute.fr\/index.php\/wp-json\/wp\/v2\/media\/3435"}],"wp:attachment":[{"href":"http:\/\/joelgirauddepute.fr\/index.php\/wp-json\/wp\/v2\/media?parent=3434"}],"wp:term":[{"taxonomy":"category","embeddable":true,"href":"http:\/\/joelgirauddepute.fr\/index.php\/wp-json\/wp\/v2\/categories?post=3434"},{"taxonomy":"post_tag","embeddable":true,"href":"http:\/\/joelgirauddepute.fr\/index.php\/wp-json\/wp\/v2\/tags?post=3434"}],"curies":[{"name":"wp","href":"https:\/\/api.w.org\/{rel}","templated":true}]}}