{"id":3242,"date":"2019-02-12T18:56:22","date_gmt":"2019-02-12T17:56:22","guid":{"rendered":"http:\/\/joelgirauddepute.fr\/?p=3242"},"modified":"2019-02-25T09:14:34","modified_gmt":"2019-02-25T08:14:34","slug":"montagne-et-tourisme-le-conseil-national-de-la-montagne-et-le-ministere-du-tourisme-lancent-une-ambition-commune-pour-la-montagne","status":"publish","type":"post","link":"http:\/\/joelgirauddepute.fr\/index.php\/2019\/02\/12\/montagne-et-tourisme-le-conseil-national-de-la-montagne-et-le-ministere-du-tourisme-lancent-une-ambition-commune-pour-la-montagne\/","title":{"rendered":"Montagne et Tourisme : le Conseil National de la Montagne et le Minist\u00e8re du Tourisme lancent une ambition commune pour la montagne"},"content":{"rendered":"\n<p>Le d\u00e9put\u00e9 et Pr\u00e9sident de la Commission permanente du Conseil National de la Montagne (CNM) Jo\u00ebl&nbsp;GIRAUD a copr\u00e9sid\u00e9 ce jour le premier Comit\u00e9 strat\u00e9gique du tourisme en montagne avec le Secr\u00e9taire d\u2019Etat aupr\u00e8s du Ministre de l\u2019Europe et des Affaires \u00e9trang\u00e8res charg\u00e9 du Tourisme, Jean-Baptiste LEMOYNE.<\/p>\n\n\n\n<p>Le Secr\u00e9taire d\u2019Etat au Tourisme a en effet souhait\u00e9 rassembler les forces du groupe de travail du Conseil National de la Montagne cr\u00e9\u00e9 lors de la Commission permanente de Vallouise le 10 janvier avec les grands acteurs publics et priv\u00e9s du secteur afin d\u2019esquisser les grandes orientations d\u2019une politique touristique ambitieuse pour la montagne, confront\u00e9e tant \u00e0 une hyper-concurrence,&nbsp;en particulier&nbsp;internationale, qu\u2019aux \u00e9volutions des modes de consommations et choix de destination et autres al\u00e9as climatiques.<\/p>\n\n\n\n<p>Les pistes ressortant de la feuille de route du CNM sur des th\u00e8mes essentiels tels que la modernisation de l\u2019h\u00e9bergement et la commercialisation de l\u2019immobilier de loisir, la diversification de l\u2019offre et la dessaisonalisation de la montagne en \u00e9t\u00e9 avec notamment une politique familiale tourn\u00e9e vers la jeunesse et une attention particuli\u00e8re \u00e0 la moyenne montagne face aux \u00e9volutions climatiques, ou la promotion et l\u2019ouverture \u00e0 de nouveaux march\u00e9s ont \u00e9t\u00e9 \u00e9voqu\u00e9es ainsi que les questions d\u2019accessibilit\u00e9.<\/p>\n\n\n\n<p>C\u2019est la premi\u00e8re fois depuis l\u2019existence du CNM qu\u2019une telle synergie est cr\u00e9\u00e9e au b\u00e9n\u00e9fice du \u00ab tourisme 4 saisons \u00bb.<\/p>\n\n\n\n<p><a href=\"https:\/\/www.diplomatie.gouv.fr\/fr\/politique-etrangere-de-la-france\/tourisme\/evenements-et-actualites-lies-a-la-promotion-du-tourisme\/article\/reunion-du-premier-comite-strategique-du-tourisme-de-montagne-paris-12-fevrier\">https:\/\/www.diplomatie.gouv.fr\/fr\/politique-etrangere-de-la-france\/tourisme\/evenements-et-actualites-lies-a-la-promotion-du-tourisme\/article\/reunion-du-premier-comite-strategique-du-tourisme-de-montagne-paris-12-fevrier<\/a><\/p>\n\n\n\n<p>Lu sur <em>Alpes et Midi<\/em>: <a href=\"http:\/\/www.alpes-et-midi.fr\/article\/montagne-tourisme-ambition-commune-montagne\">http:\/\/www.alpes-et-midi.fr\/article\/montagne-tourisme-ambition-commune-montagne<\/a><\/p>\n\n\n\n<p><\/p>\n","protected":false},"excerpt":{"rendered":"<div class=\"mh-excerpt\"><p>Le d\u00e9put\u00e9 et Pr\u00e9sident de la Commission permanente du Conseil National de la Montagne (CNM) Jo\u00ebl&nbsp;GIRAUD a copr\u00e9sid\u00e9 ce jour le premier Comit\u00e9 strat\u00e9gique du <a class=\"mh-excerpt-more\" href=\"http:\/\/joelgirauddepute.fr\/index.php\/2019\/02\/12\/montagne-et-tourisme-le-conseil-national-de-la-montagne-et-le-ministere-du-tourisme-lancent-une-ambition-commune-pour-la-montagne\/\" title=\"Montagne et Tourisme : le Conseil National de la Montagne et le Minist\u00e8re du Tourisme lancent une ambition commune pour la montagne\">[&#8230;]<\/a><\/p>\n<\/div>","protected":false},"author":1,"featured_media":3244,"comment_status":"open","ping_status":"open","sticky":false,"template":"","format":"standard","meta":{"footnotes":""},"categories":[24,11],"tags":[66,63,46,65,64],"class_list":["post-3242","post","type-post","status-publish","format-standard","has-post-thumbnail","hentry","category-montagne","category-tourisme","tag-comite-strategique","tag-jean-baptiste-lemoyne","tag-joel-giraud","tag-montagne","tag-tourisme-4-saisons"],"jetpack_featured_media_url":"http:\/\/joelgirauddepute.fr\/wp-content\/uploads\/2019\/02\/montagne-et-tourisme-120219.jpg","jetpack_sharing_enabled":true,"jetpack_shortlink":"https:\/\/wp.me\/pabfdt-Qi","_links":{"self":[{"href":"http:\/\/joelgirauddepute.fr\/index.php\/wp-json\/wp\/v2\/posts\/3242","targetHints":{"allow":["GET"]}}],"collection":[{"href":"http:\/\/joelgirauddepute.fr\/index.php\/wp-json\/wp\/v2\/posts"}],"about":[{"href":"http:\/\/joelgirauddepute.fr\/index.php\/wp-json\/wp\/v2\/types\/post"}],"author":[{"embeddable":true,"href":"http:\/\/joelgirauddepute.fr\/index.php\/wp-json\/wp\/v2\/users\/1"}],"replies":[{"embeddable":true,"href":"http:\/\/joelgirauddepute.fr\/index.php\/wp-json\/wp\/v2\/comments?post=3242"}],"version-history":[{"count":5,"href":"http:\/\/joelgirauddepute.fr\/index.php\/wp-json\/wp\/v2\/posts\/3242\/revisions"}],"predecessor-version":[{"id":3373,"href":"http:\/\/joelgirauddepute.fr\/index.php\/wp-json\/wp\/v2\/posts\/3242\/revisions\/3373"}],"wp:featuredmedia":[{"embeddable":true,"href":"http:\/\/joelgirauddepute.fr\/index.php\/wp-json\/wp\/v2\/media\/3244"}],"wp:attachment":[{"href":"http:\/\/joelgirauddepute.fr\/index.php\/wp-json\/wp\/v2\/media?parent=3242"}],"wp:term":[{"taxonomy":"category","embeddable":true,"href":"http:\/\/joelgirauddepute.fr\/index.php\/wp-json\/wp\/v2\/categories?post=3242"},{"taxonomy":"post_tag","embeddable":true,"href":"http:\/\/joelgirauddepute.fr\/index.php\/wp-json\/wp\/v2\/tags?post=3242"}],"curies":[{"name":"wp","href":"https:\/\/api.w.org\/{rel}","templated":true}]}}