{"id":3128,"date":"2019-02-07T17:35:51","date_gmt":"2019-02-07T16:35:51","guid":{"rendered":"http:\/\/joelgirauddepute.fr\/?p=3128"},"modified":"2019-02-07T18:27:48","modified_gmt":"2019-02-07T17:27:48","slug":"prelevement-a-la-source-lapocalypse-na-pas-eu-lieu","status":"publish","type":"post","link":"http:\/\/joelgirauddepute.fr\/index.php\/2019\/02\/07\/prelevement-a-la-source-lapocalypse-na-pas-eu-lieu\/","title":{"rendered":"Pr\u00e9l\u00e8vement \u00e0 la source : l\u2019apocalypse n\u2019a pas eu lieu"},"content":{"rendered":"\n<p>Le genre apocalyptique est essentiellement politique. Bien qu\u2019il trouve sa source dans le livre des R\u00e9v\u00e9lations. Dans les derniers mois qui ont pr\u00e9c\u00e9d\u00e9 le pr\u00e9l\u00e8vement \u00e0 la source, quels n\u2019ont pas \u00e9t\u00e9 les commentaires pr\u00e9visionnistes alarmants. Les trompettes de l\u2019apocalypse ont sonn\u00e9 presque autant que celles du bug informatique de l\u2019an 2000 ! Qui n\u2019a jamais eu lieu.<\/p>\n\n\n\n<p>\u00ab Fiasco \u00bb, \u00ab bug \u00bb, rod\u00e9o \u00bb, \u00ab catastrophe \u00bb, \u00ab panique \u00e0 bord \u00bb, \u00ab psychodrame \u00bb, une r\u00e9forme qui va \u00ab alimenter les populismes \u00bb, un consentement \u00e0 l\u2019imp\u00f4t qui va se \u00ab d\u00e9grader \u00bb \u2026 Un v\u00e9ritable combat cosmique entre forces c\u00e9lestes et forces d\u00e9moniaques, incarn\u00e9es sur Terre par une puissance politique malfaisante : la \u00ab r\u00e9forme fiscale \u00bb.<\/p>\n\n\n\n<p>Toutes ces prises de parole publiques, celles des opposants comme celles de certains \u00e9conomistes et \u00e9ditorialistes, ont provisoirement donn\u00e9 le sentiment aux contribuables qu\u2019ils allaient payer la facture. Ils ont ainsi pour la plupart, v\u00e9cu ce combat sur le mode de la pers\u00e9cution par le pouvoir politique. Dans le m\u00eame moment, les troupes c\u00e9lestes combattaient pour eux dans le ciel.<\/p>\n\n\n\n<p>Mais il ne faut jamais confondre proph\u00e9tie et pr\u00e9diction.<\/p>\n\n\n\n<p>D\u00e9sormais, les m\u00eames auteurs de ces prises de parole louent une \u00ab r\u00e9ussite technique \u00bb et m\u00eame une \u00ab performance administrative \u00bb. Certains commentateurs de la vie publique osent un questionnement pudique \u00ab les inqui\u00e9tudes ont-elles \u00e9t\u00e9 exag\u00e9r\u00e9es ? \u00bb. D\u2019autres rationalisent \u00ab la r\u00e9ussite est tout de m\u00eame naturelle apr\u00e8s plus de deux ans de pr\u00e9paration \u00bb.<\/p>\n\n\n\n<p>Nous voil\u00e0 rassur\u00e9s, le Bien a tout de m\u00eame triomph\u00e9 du Mal.<\/p>\n","protected":false},"excerpt":{"rendered":"<div class=\"mh-excerpt\"><p>Le genre apocalyptique est essentiellement politique. Bien qu\u2019il trouve sa source dans le livre des R\u00e9v\u00e9lations. Dans les derniers mois qui ont pr\u00e9c\u00e9d\u00e9 le pr\u00e9l\u00e8vement <a class=\"mh-excerpt-more\" href=\"http:\/\/joelgirauddepute.fr\/index.php\/2019\/02\/07\/prelevement-a-la-source-lapocalypse-na-pas-eu-lieu\/\" title=\"Pr\u00e9l\u00e8vement \u00e0 la source : l\u2019apocalypse n\u2019a pas eu lieu\">[&#8230;]<\/a><\/p>\n<\/div>","protected":false},"author":1,"featured_media":3135,"comment_status":"open","ping_status":"open","sticky":false,"template":"","format":"standard","meta":{"footnotes":""},"categories":[1],"tags":[],"class_list":["post-3128","post","type-post","status-publish","format-standard","has-post-thumbnail","hentry","category-non-classe"],"jetpack_featured_media_url":"http:\/\/joelgirauddepute.fr\/wp-content\/uploads\/2019\/02\/Quatre-chevaliers-de-lapocalypse.jpg","jetpack_sharing_enabled":true,"jetpack_shortlink":"https:\/\/wp.me\/pabfdt-Os","_links":{"self":[{"href":"http:\/\/joelgirauddepute.fr\/index.php\/wp-json\/wp\/v2\/posts\/3128","targetHints":{"allow":["GET"]}}],"collection":[{"href":"http:\/\/joelgirauddepute.fr\/index.php\/wp-json\/wp\/v2\/posts"}],"about":[{"href":"http:\/\/joelgirauddepute.fr\/index.php\/wp-json\/wp\/v2\/types\/post"}],"author":[{"embeddable":true,"href":"http:\/\/joelgirauddepute.fr\/index.php\/wp-json\/wp\/v2\/users\/1"}],"replies":[{"embeddable":true,"href":"http:\/\/joelgirauddepute.fr\/index.php\/wp-json\/wp\/v2\/comments?post=3128"}],"version-history":[{"count":5,"href":"http:\/\/joelgirauddepute.fr\/index.php\/wp-json\/wp\/v2\/posts\/3128\/revisions"}],"predecessor-version":[{"id":3164,"href":"http:\/\/joelgirauddepute.fr\/index.php\/wp-json\/wp\/v2\/posts\/3128\/revisions\/3164"}],"wp:featuredmedia":[{"embeddable":true,"href":"http:\/\/joelgirauddepute.fr\/index.php\/wp-json\/wp\/v2\/media\/3135"}],"wp:attachment":[{"href":"http:\/\/joelgirauddepute.fr\/index.php\/wp-json\/wp\/v2\/media?parent=3128"}],"wp:term":[{"taxonomy":"category","embeddable":true,"href":"http:\/\/joelgirauddepute.fr\/index.php\/wp-json\/wp\/v2\/categories?post=3128"},{"taxonomy":"post_tag","embeddable":true,"href":"http:\/\/joelgirauddepute.fr\/index.php\/wp-json\/wp\/v2\/tags?post=3128"}],"curies":[{"name":"wp","href":"https:\/\/api.w.org\/{rel}","templated":true}]}}