{"id":2876,"date":"2019-01-08T17:19:02","date_gmt":"2019-01-08T16:19:02","guid":{"rendered":"http:\/\/joelgirauddepute.fr\/?p=2876"},"modified":"2019-01-11T19:16:36","modified_gmt":"2019-01-11T18:16:36","slug":"hautes-alpes-plus-de-800-000-euros-de-subvention-pour-le-pont-du-grand-buech","status":"publish","type":"post","link":"http:\/\/joelgirauddepute.fr\/index.php\/2019\/01\/08\/hautes-alpes-plus-de-800-000-euros-de-subvention-pour-le-pont-du-grand-buech\/","title":{"rendered":"Hautes-Alpes : plus de 800.000 euros de subvention pour le Pont du Grand-Bu\u00ebch"},"content":{"rendered":"<p>Extrait de l&rsquo;article d&rsquo;Alpes I Alpes du Sud du 8 janvier 2019.<\/p>\n<p>&nbsp;<\/p>\n<p><strong>TRANSPORT \/ Le Conseil d\u00e9partemental en avait fait la demande. Demande appuy\u00e9e par le d\u00e9put\u00e9 des Hautes-Alpes, Jo\u00ebl Giraud. Le pr\u00e9fet de la R\u00e9gion Provence-Alpes-C\u00f4te d\u2019Azur vient de signer l\u2019arr\u00eat\u00e9 de subvention.<\/strong><\/p>\n<p>883.020 euros. C\u2019est le montant des subventions accord\u00e9es pour reconstruire le Pont du Grand-Bu\u00ebch dans le cadre du plan \u00c9tat-R\u00e9gion. <strong>Pierre Dartout<\/strong>, le pr\u00e9fet de <strong>Provence Alpes-C\u00f4te d\u2019Azur<\/strong>, vient de signer l\u2019arr\u00eat\u00e9 de subvention. <strong>Jo\u00ebl Giraud<\/strong> avait \u00e9crit au gouvernement pour appuyer le D\u00e9partement des <strong>Hautes-Alpes<\/strong> qui en faisait la demande. La reconstruction du Pont sera financ\u00e9e par l\u2019\u00c9tat, la R\u00e9gion et le D\u00e9partement. Elle se fera dans le cadre des travaux d\u2019am\u00e9nagement de la RD1075 entre <strong>Sisteron<\/strong> et <strong>Grenoble<\/strong>.<\/p>\n<p>&nbsp;<\/p>\n<p>Article d&rsquo;alpes et midi : <a href=\"http:\/\/joelgirauddepute.fr\/wp-content\/uploads\/2019\/01\/alpes-et-midi-110119-pont-buech.pdf\">alpes et midi 110119 pont buech<\/a><\/p>\n<p>&nbsp;<\/p>\n<p>&nbsp;<\/p>\n<p>&nbsp;<\/p>\n<p>&nbsp;<\/p>\n<p>&nbsp;<\/p>\n<p>&nbsp;<\/p>\n<p>&nbsp;<\/p>\n<p>&nbsp;<\/p>\n<p>&nbsp;<\/p>\n<p>&nbsp;<\/p>\n<p>&nbsp;<\/p>\n<p>&nbsp;<\/p>\n<p>&nbsp;<\/p>\n<p>&nbsp;<\/p>\n","protected":false},"excerpt":{"rendered":"<div class=\"mh-excerpt\"><p>Extrait de l&rsquo;article d&rsquo;Alpes I Alpes du Sud du 8 janvier 2019. &nbsp; TRANSPORT \/ Le Conseil d\u00e9partemental en avait fait la demande. Demande appuy\u00e9e <a class=\"mh-excerpt-more\" href=\"http:\/\/joelgirauddepute.fr\/index.php\/2019\/01\/08\/hautes-alpes-plus-de-800-000-euros-de-subvention-pour-le-pont-du-grand-buech\/\" title=\"Hautes-Alpes : plus de 800.000 euros de subvention pour le Pont du Grand-Bu\u00ebch\">[&#8230;]<\/a><\/p>\n<\/div>","protected":false},"author":1,"featured_media":2880,"comment_status":"open","ping_status":"open","sticky":false,"template":"","format":"standard","meta":{"footnotes":""},"categories":[6,43,13],"tags":[],"class_list":["post-2876","post","type-post","status-publish","format-standard","has-post-thumbnail","hentry","category-communiques","category-hautes-alpes","category-transports"],"jetpack_featured_media_url":"http:\/\/joelgirauddepute.fr\/wp-content\/uploads\/2019\/01\/870x489_excavators-1723970-960-720-26687.jpg","jetpack_sharing_enabled":true,"jetpack_shortlink":"https:\/\/wp.me\/pabfdt-Ko","_links":{"self":[{"href":"http:\/\/joelgirauddepute.fr\/index.php\/wp-json\/wp\/v2\/posts\/2876","targetHints":{"allow":["GET"]}}],"collection":[{"href":"http:\/\/joelgirauddepute.fr\/index.php\/wp-json\/wp\/v2\/posts"}],"about":[{"href":"http:\/\/joelgirauddepute.fr\/index.php\/wp-json\/wp\/v2\/types\/post"}],"author":[{"embeddable":true,"href":"http:\/\/joelgirauddepute.fr\/index.php\/wp-json\/wp\/v2\/users\/1"}],"replies":[{"embeddable":true,"href":"http:\/\/joelgirauddepute.fr\/index.php\/wp-json\/wp\/v2\/comments?post=2876"}],"version-history":[{"count":5,"href":"http:\/\/joelgirauddepute.fr\/index.php\/wp-json\/wp\/v2\/posts\/2876\/revisions"}],"predecessor-version":[{"id":2923,"href":"http:\/\/joelgirauddepute.fr\/index.php\/wp-json\/wp\/v2\/posts\/2876\/revisions\/2923"}],"wp:featuredmedia":[{"embeddable":true,"href":"http:\/\/joelgirauddepute.fr\/index.php\/wp-json\/wp\/v2\/media\/2880"}],"wp:attachment":[{"href":"http:\/\/joelgirauddepute.fr\/index.php\/wp-json\/wp\/v2\/media?parent=2876"}],"wp:term":[{"taxonomy":"category","embeddable":true,"href":"http:\/\/joelgirauddepute.fr\/index.php\/wp-json\/wp\/v2\/categories?post=2876"},{"taxonomy":"post_tag","embeddable":true,"href":"http:\/\/joelgirauddepute.fr\/index.php\/wp-json\/wp\/v2\/tags?post=2876"}],"curies":[{"name":"wp","href":"https:\/\/api.w.org\/{rel}","templated":true}]}}