{"id":2864,"date":"2019-01-07T17:00:35","date_gmt":"2019-01-07T16:00:35","guid":{"rendered":"http:\/\/joelgirauddepute.fr\/?p=2864"},"modified":"2019-01-11T19:17:42","modified_gmt":"2019-01-11T18:17:42","slug":"fermeture-des-halls-de-gare-le-depute-joel-giraud-saisit-la-ministre-des-transports-et-le-president-de-la-sncf","status":"publish","type":"post","link":"http:\/\/joelgirauddepute.fr\/index.php\/2019\/01\/07\/fermeture-des-halls-de-gare-le-depute-joel-giraud-saisit-la-ministre-des-transports-et-le-president-de-la-sncf\/","title":{"rendered":"Fermeture des halls de gare : le d\u00e9put\u00e9 Jo\u00ebl Giraud saisit la Ministre des Transports et le Pr\u00e9sident de la SNCF"},"content":{"rendered":"<p>Le d\u00e9put\u00e9 Jo\u00ebl Giraud, usager r\u00e9gulier du train entre l\u2019Argenti\u00e8re et Paris, notamment du train de nuit, ayant constat\u00e9 que depuis la mise en place du service unique 2019 le 9 d\u00e9cembre dernier, de nombreux guichets et halls de gare demeurent ferm\u00e9s y compris aux heures de passage des trains, imposant ainsi aux voyageurs de patienter \u00e0 l\u2019ext\u00e9rieur, expos\u00e9s \u00e0 des temp\u00e9ratures hivernales glaciales, vient d\u2019alerter ce jour avec une extr\u00eame urgence Madame Elisabeth Borne Ministre charg\u00e9e des Transports et Guillaume P\u00e9py pr\u00e9sident de la SNCF sur ces graves dysfonctionnements.<\/p>\n<p>Prendre connaissance des courriers qui leur ont \u00e9t\u00e9 remis d\u00e8s ce jour : <a href=\"http:\/\/joelgirauddepute.fr\/wp-content\/uploads\/2019\/01\/copie-de-M.-J.-Giraud-\u00e0-M.-G.-P\u00e9py-et-Mme-E.-Borne-070119.pdf\">copie de M. J. Giraud \u00e0 M. G. P\u00e9py et Mme E. Borne 070119<\/a><\/p>\n<h3><span style=\"color: #800080;\"><strong>Lire l&rsquo;article d&rsquo;Alpes 1 :<\/strong><\/span><\/h3>\n<p><a href=\"http:\/\/alpesdusud.alpes1.com\/news\/hautes-alpes\/74568\/hautes-alpes-des-usagers-du-train-confrontes-a-des-temperatures-hivernales-glaciales\">http:\/\/alpesdusud.alpes1.com\/news\/hautes-alpes\/74568\/hautes-alpes-des-usagers-du-train-confrontes-a-des-temperatures-hivernales-glaciales<\/a><\/p>\n<h3><strong><span style=\"color: #800080;\">Lire l&rsquo;article du Dauphin\u00e9 Lib\u00e9r\u00e9 :<\/span><br \/>\n<\/strong><\/h3>\n<p><a href=\"https:\/\/www.ledauphine.com\/hautes-alpes\/2019\/01\/09\/les-usagers-sncf-forces-d-attendre-le-train-dehors-par-des-temperatures-glaciales\">https:\/\/www.ledauphine.com\/hautes-alpes\/2019\/01\/09\/les-usagers-sncf-forces-d-attendre-le-train-dehors-par-des-temperatures-glaciales<\/a><\/p>\n<h3><span style=\"color: #800080;\"><strong>Lire l&rsquo;article d&rsquo;Alpes et Midi :<a href=\"http:\/\/joelgirauddepute.fr\/wp-content\/uploads\/2019\/01\/alpes-et-midi-train-de-nuit-100119.pdf\">\u00a0alpes et midi train de nuit 100119<\/a><\/strong><\/span><\/h3>\n","protected":false},"excerpt":{"rendered":"<div class=\"mh-excerpt\"><p>Le d\u00e9put\u00e9 Jo\u00ebl Giraud, usager r\u00e9gulier du train entre l\u2019Argenti\u00e8re et Paris, notamment du train de nuit, ayant constat\u00e9 que depuis la mise en place <a class=\"mh-excerpt-more\" href=\"http:\/\/joelgirauddepute.fr\/index.php\/2019\/01\/07\/fermeture-des-halls-de-gare-le-depute-joel-giraud-saisit-la-ministre-des-transports-et-le-president-de-la-sncf\/\" title=\"Fermeture des halls de gare : le d\u00e9put\u00e9 Jo\u00ebl Giraud saisit la Ministre des Transports et le Pr\u00e9sident de la SNCF\">[&#8230;]<\/a><\/p>\n<\/div>","protected":false},"author":1,"featured_media":2866,"comment_status":"open","ping_status":"open","sticky":false,"template":"","format":"standard","meta":{"footnotes":""},"categories":[4,14,13],"tags":[],"class_list":["post-2864","post","type-post","status-publish","format-standard","has-post-thumbnail","hentry","category-circo","category-interventions-au-gouvernement","category-transports"],"jetpack_featured_media_url":"http:\/\/joelgirauddepute.fr\/wp-content\/uploads\/2019\/01\/870x489_train-de-nuit-paris-briancon-6819.jpg","jetpack_sharing_enabled":true,"jetpack_shortlink":"https:\/\/wp.me\/pabfdt-Kc","_links":{"self":[{"href":"http:\/\/joelgirauddepute.fr\/index.php\/wp-json\/wp\/v2\/posts\/2864","targetHints":{"allow":["GET"]}}],"collection":[{"href":"http:\/\/joelgirauddepute.fr\/index.php\/wp-json\/wp\/v2\/posts"}],"about":[{"href":"http:\/\/joelgirauddepute.fr\/index.php\/wp-json\/wp\/v2\/types\/post"}],"author":[{"embeddable":true,"href":"http:\/\/joelgirauddepute.fr\/index.php\/wp-json\/wp\/v2\/users\/1"}],"replies":[{"embeddable":true,"href":"http:\/\/joelgirauddepute.fr\/index.php\/wp-json\/wp\/v2\/comments?post=2864"}],"version-history":[{"count":5,"href":"http:\/\/joelgirauddepute.fr\/index.php\/wp-json\/wp\/v2\/posts\/2864\/revisions"}],"predecessor-version":[{"id":2925,"href":"http:\/\/joelgirauddepute.fr\/index.php\/wp-json\/wp\/v2\/posts\/2864\/revisions\/2925"}],"wp:featuredmedia":[{"embeddable":true,"href":"http:\/\/joelgirauddepute.fr\/index.php\/wp-json\/wp\/v2\/media\/2866"}],"wp:attachment":[{"href":"http:\/\/joelgirauddepute.fr\/index.php\/wp-json\/wp\/v2\/media?parent=2864"}],"wp:term":[{"taxonomy":"category","embeddable":true,"href":"http:\/\/joelgirauddepute.fr\/index.php\/wp-json\/wp\/v2\/categories?post=2864"},{"taxonomy":"post_tag","embeddable":true,"href":"http:\/\/joelgirauddepute.fr\/index.php\/wp-json\/wp\/v2\/tags?post=2864"}],"curies":[{"name":"wp","href":"https:\/\/api.w.org\/{rel}","templated":true}]}}