{"id":2711,"date":"2018-12-05T17:28:36","date_gmt":"2018-12-05T16:28:36","guid":{"rendered":"http:\/\/joelgirauddepute.fr\/?p=2711"},"modified":"2018-12-05T17:33:00","modified_gmt":"2018-12-05T16:33:00","slug":"hommage-a-gil-fiorletta-maire-de-montdauphin-depuis-1995","status":"publish","type":"post","link":"http:\/\/joelgirauddepute.fr\/index.php\/2018\/12\/05\/hommage-a-gil-fiorletta-maire-de-montdauphin-depuis-1995\/","title":{"rendered":"Hommage \u00e0 Gil Fiorletta, Maire de Montdauphin depuis 1995"},"content":{"rendered":"<p><em>l\u00e9gende photo : Visite de Mme Annick Girardin, Ministre de la fonction publique le 19 juin 2016<\/em><\/p>\n<p>&nbsp;<\/p>\n<p>Vous trouverez ci-apr\u00e8s l\u2019hommage prononc\u00e9 par Jo\u00ebl Giraud, d\u00e9put\u00e9 des Hautes-Alpes et Rapporteur g\u00e9n\u00e9ral du budget, lors des obs\u00e8ques de Gil Fiorletta, maire de Montdauphin, tenues ce jour en l\u2019\u00e9glise de la cit\u00e9 Vauban.<\/p>\n<p>&nbsp;<\/p>\n<p>Gil,<\/p>\n<p>Je me souviens avec \u00e9motion de ta 1<sup>\u00e8re<\/sup> \u00e9lection dans ce fauteuil de maire, lorsque je te faisais \u00e9clater de rire en te disant que tu \u00e9tais le 1<sup>er<\/sup> objecteur de conscience \u00e0 \u00eatre \u00e9lu gouverneur militaire. Ce sourire malicieux qui ne te quittait jamais et qui \u00e9tait ta marque de fabrique. C\u2019\u00e9tait une plaisanterie car tu n\u2019\u00e9tais pas vraiment objecteur, mais un vrai adepte de la libert\u00e9 de conscience, avec ce recul n\u00e9cessaire qui s\u2019inscrit dans un effort historique de l\u2019humanit\u00e9 pour mieux circonscrire le pouvoir des autorit\u00e9s, m\u00eame si tu en \u00e9tais devenu une.<\/p>\n<p>Avec ton look qui te faisait ressembler \u00e0 un V\u00e1clav Havel rural, m\u00eame clope au bec, tu n\u2019\u00e9tais pas le pr\u00e9sident philosophe mais le maire potier, \u00e0 la recherche de la cr\u00e9ation du beau avec rien ou pas grand-chose, et surtout avec un mat\u00e9riau tr\u00e8s simple, la terre.<\/p>\n<p>Et que ce soit dans ton m\u00e9tier ou dans ta fonction de maire, tu faisais preuve de cette patience infinie que reconnaissait Jacques \u00e0 Job dans le livre \u00e9ponyme, lui qui affirmait \u00ab\u00a0Souviens-toi que tu m\u2019as fa\u00e7onn\u00e9 comme de l\u2019argile\u00a0\u00bb. Est-ce l\u00e0 aujourd\u2019hui le symbole de notre pr\u00e9sence \u00e0 tous, dans cette \u00e9glise qui restera \u00e0 jamais inachev\u00e9e.<\/p>\n<p>En tous cas, il faut se souvenir en ce jour d\u2019un b\u00e2tisseur, si heureux quand cette commune qui n\u2019avait plus que 59 \u00e2mes dans les ann\u00e9es 70 avait d\u00e9pass\u00e9 le cap des 100 habitants dans les ann\u00e9es 2000, si joyeux en 2008 de l\u2019inscription de ta cit\u00e9 au patrimoine de l\u2019Unesco, \u00e0 laquelle tu avais tant contribu\u00e9 avec ton \u00e9quipe, en toute discr\u00e9tion, toujours \u00e0 la recherche d\u2019un mieux-\u00eatre ou plut\u00f4t d\u2019un mieux-vivre ensemble. C\u2019est pour cela qu\u2019on t\u2019aimait, c\u2019est pour cela qu\u2019on t\u2019aime. Aujourd\u2019hui nous sommes l\u00e0 pour toi mais aussi et surtout pour Nicole et ta famille. Vers o\u00f9 es-tu parti\u00a0? Parti de notre regard c\u2019est tout. Car tu restes avec nous, au creux de ces pierres fa\u00e7onn\u00e9es par Vauban. Il n\u2019y a pas de morts. Il y a juste des vivants sur les deux rives.<\/p>\n<p>Et ton message Gil s\u2019adresse aux vivants.<\/p>\n","protected":false},"excerpt":{"rendered":"<div class=\"mh-excerpt\"><p>l\u00e9gende photo : Visite de Mme Annick Girardin, Ministre de la fonction publique le 19 juin 2016 &nbsp; Vous trouverez ci-apr\u00e8s l\u2019hommage prononc\u00e9 par Jo\u00ebl <a class=\"mh-excerpt-more\" href=\"http:\/\/joelgirauddepute.fr\/index.php\/2018\/12\/05\/hommage-a-gil-fiorletta-maire-de-montdauphin-depuis-1995\/\" title=\"Hommage \u00e0 Gil Fiorletta, Maire de Montdauphin depuis 1995\">[&#8230;]<\/a><\/p>\n<\/div>","protected":false},"author":1,"featured_media":2712,"comment_status":"open","ping_status":"open","sticky":false,"template":"","format":"standard","meta":{"footnotes":""},"categories":[1],"tags":[],"class_list":["post-2711","post","type-post","status-publish","format-standard","has-post-thumbnail","hentry","category-non-classe"],"jetpack_featured_media_url":"http:\/\/joelgirauddepute.fr\/wp-content\/uploads\/2018\/12\/Gil-Annick-Montdauph-3.jpg","jetpack_sharing_enabled":true,"jetpack_shortlink":"https:\/\/wp.me\/pabfdt-HJ","_links":{"self":[{"href":"http:\/\/joelgirauddepute.fr\/index.php\/wp-json\/wp\/v2\/posts\/2711","targetHints":{"allow":["GET"]}}],"collection":[{"href":"http:\/\/joelgirauddepute.fr\/index.php\/wp-json\/wp\/v2\/posts"}],"about":[{"href":"http:\/\/joelgirauddepute.fr\/index.php\/wp-json\/wp\/v2\/types\/post"}],"author":[{"embeddable":true,"href":"http:\/\/joelgirauddepute.fr\/index.php\/wp-json\/wp\/v2\/users\/1"}],"replies":[{"embeddable":true,"href":"http:\/\/joelgirauddepute.fr\/index.php\/wp-json\/wp\/v2\/comments?post=2711"}],"version-history":[{"count":3,"href":"http:\/\/joelgirauddepute.fr\/index.php\/wp-json\/wp\/v2\/posts\/2711\/revisions"}],"predecessor-version":[{"id":2715,"href":"http:\/\/joelgirauddepute.fr\/index.php\/wp-json\/wp\/v2\/posts\/2711\/revisions\/2715"}],"wp:featuredmedia":[{"embeddable":true,"href":"http:\/\/joelgirauddepute.fr\/index.php\/wp-json\/wp\/v2\/media\/2712"}],"wp:attachment":[{"href":"http:\/\/joelgirauddepute.fr\/index.php\/wp-json\/wp\/v2\/media?parent=2711"}],"wp:term":[{"taxonomy":"category","embeddable":true,"href":"http:\/\/joelgirauddepute.fr\/index.php\/wp-json\/wp\/v2\/categories?post=2711"},{"taxonomy":"post_tag","embeddable":true,"href":"http:\/\/joelgirauddepute.fr\/index.php\/wp-json\/wp\/v2\/tags?post=2711"}],"curies":[{"name":"wp","href":"https:\/\/api.w.org\/{rel}","templated":true}]}}