{"id":2389,"date":"2018-10-16T20:26:55","date_gmt":"2018-10-16T18:26:55","guid":{"rendered":"http:\/\/joelgirauddepute.fr\/?p=2389"},"modified":"2018-10-16T20:31:27","modified_gmt":"2018-10-16T18:31:27","slug":"travailleurs-saisonniers-agricoles-lunion-sacree-des-rapporteurs-et-le-plus-de-joel-giraud","status":"publish","type":"post","link":"http:\/\/joelgirauddepute.fr\/index.php\/2018\/10\/16\/travailleurs-saisonniers-agricoles-lunion-sacree-des-rapporteurs-et-le-plus-de-joel-giraud\/","title":{"rendered":"Travailleurs saisonniers agricoles : l\u2019union sacr\u00e9e des rapporteurs\u2026 et le \u00ab plus \u00bb de Jo\u00ebl Giraud."},"content":{"rendered":"<p>Cet apr\u00e8s-midi, en commission des affaires sociales, les deux rapporteurs Olivier V\u00e9ran (de la commission des affaires sociales) et Jo\u00ebl Giraud (de la commission des finances) ont uni leurs forces pour faire adopter un amendement r\u00e9tablissant le TO-DE.<\/p>\n<p>TO-DE ? Travailleurs occasionnels et demandeurs d\u2019emploi\u2026 pour lesquels les employeurs qui les embauchent, souvent en contrat saisonnier, b\u00e9n\u00e9ficient d\u2019une exon\u00e9ration de cotisations patronales. Le gouvernement avait propos\u00e9 la suppression de ce dispositif au motif des nouveaux all\u00e8gements g\u00e9n\u00e9raux des cotisations. Sauf que calculs faits, la nouvelle formule entra\u00eene une augmentation des cotisations telle qu\u2019elle fait parfois dispara\u00eetre la marge de l\u2019entreprise\u2026 \u00ab et \u00e0 terme les entreprises elles-m\u00eames\u00a0\u00bb a pr\u00e9venu Jo\u00ebl Giraud. Ce sont les arboriculteurs, les viticulteurs et les mara\u00eechers les plus impact\u00e9s.<\/p>\n<p>C\u2019est donc une vingtaine d\u2019amendements qui ont d\u00e9pos\u00e9s dans le cadre du projet de loi de financement de la s\u00e9curit\u00e9 sociale. Mais cette apr\u00e8s-midi, en commission, les deux rapporteurs avaient d\u00e9pos\u00e9 des amendements identiques de r\u00e9tablissement. Et fait rare, Olivier V\u00e9ran, rapporteur de la commission des affaires sociales, et Jo\u00ebl Giraud, rapporteur de la commission des finances, ont d\u00e9fendu \u00e0 deux voix cet amendement de maintien. Le r\u00e9sultat a \u00e9t\u00e9 sans appel\u00a0: vote \u00e0 l\u2019unanimit\u00e9 et salve d\u2019applaudissements.<\/p>\n<p>Il faut dire que le rapporteur g\u00e9n\u00e9ral de la commission des finances n\u2019\u00e9tait pas venu les mains vides. Il avait pr\u00e9alablement fait adopter, dans sa commission, une modification de la \u00ab\u00a0niche Cop\u00e9\u00a0\u00bb et annonc\u00e9 le virement du surplus de recettes ainsi r\u00e9colt\u00e9 au budget de la s\u00e9curit\u00e9 sociale. Juste de quoi maintenir le TO-DE et sans doute assez pour convaincre le gouvernement&#8230; avant une confirmation dans l&rsquo;h\u00e9micycle.<\/p>\n<div style=\"width: 854px;\" class=\"wp-video\"><video class=\"wp-video-shortcode\" id=\"video-2389-1\" width=\"854\" height=\"480\" preload=\"metadata\" controls=\"controls\"><source type=\"video\/mp4\" src=\"http:\/\/joelgirauddepute.fr\/wp-content\/uploads\/2018\/10\/source_6742064_5514217_6734133.mp4?_=1\" \/><a href=\"http:\/\/joelgirauddepute.fr\/wp-content\/uploads\/2018\/10\/source_6742064_5514217_6734133.mp4\">http:\/\/joelgirauddepute.fr\/wp-content\/uploads\/2018\/10\/source_6742064_5514217_6734133.mp4<\/a><\/video><\/div>\n","protected":false},"excerpt":{"rendered":"<div class=\"mh-excerpt\"><p>Cet apr\u00e8s-midi, en commission des affaires sociales, les deux rapporteurs Olivier V\u00e9ran (de la commission des affaires sociales) et Jo\u00ebl Giraud (de la commission des <a class=\"mh-excerpt-more\" href=\"http:\/\/joelgirauddepute.fr\/index.php\/2018\/10\/16\/travailleurs-saisonniers-agricoles-lunion-sacree-des-rapporteurs-et-le-plus-de-joel-giraud\/\" title=\"Travailleurs saisonniers agricoles : l\u2019union sacr\u00e9e des rapporteurs\u2026 et le \u00ab plus \u00bb de Jo\u00ebl Giraud.\">[&#8230;]<\/a><\/p>\n<\/div>","protected":false},"author":1,"featured_media":2391,"comment_status":"open","ping_status":"open","sticky":false,"template":"","format":"standard","meta":{"footnotes":""},"categories":[23,4,3,6],"tags":[],"class_list":["post-2389","post","type-post","status-publish","format-standard","has-post-thumbnail","hentry","category-agriculture","category-circo","category-commission","category-communiques"],"jetpack_featured_media_url":"http:\/\/joelgirauddepute.fr\/wp-content\/uploads\/2018\/10\/vlcsnap-error522.png","jetpack_sharing_enabled":true,"jetpack_shortlink":"https:\/\/wp.me\/pabfdt-Cx","_links":{"self":[{"href":"http:\/\/joelgirauddepute.fr\/index.php\/wp-json\/wp\/v2\/posts\/2389","targetHints":{"allow":["GET"]}}],"collection":[{"href":"http:\/\/joelgirauddepute.fr\/index.php\/wp-json\/wp\/v2\/posts"}],"about":[{"href":"http:\/\/joelgirauddepute.fr\/index.php\/wp-json\/wp\/v2\/types\/post"}],"author":[{"embeddable":true,"href":"http:\/\/joelgirauddepute.fr\/index.php\/wp-json\/wp\/v2\/users\/1"}],"replies":[{"embeddable":true,"href":"http:\/\/joelgirauddepute.fr\/index.php\/wp-json\/wp\/v2\/comments?post=2389"}],"version-history":[{"count":3,"href":"http:\/\/joelgirauddepute.fr\/index.php\/wp-json\/wp\/v2\/posts\/2389\/revisions"}],"predecessor-version":[{"id":2394,"href":"http:\/\/joelgirauddepute.fr\/index.php\/wp-json\/wp\/v2\/posts\/2389\/revisions\/2394"}],"wp:featuredmedia":[{"embeddable":true,"href":"http:\/\/joelgirauddepute.fr\/index.php\/wp-json\/wp\/v2\/media\/2391"}],"wp:attachment":[{"href":"http:\/\/joelgirauddepute.fr\/index.php\/wp-json\/wp\/v2\/media?parent=2389"}],"wp:term":[{"taxonomy":"category","embeddable":true,"href":"http:\/\/joelgirauddepute.fr\/index.php\/wp-json\/wp\/v2\/categories?post=2389"},{"taxonomy":"post_tag","embeddable":true,"href":"http:\/\/joelgirauddepute.fr\/index.php\/wp-json\/wp\/v2\/tags?post=2389"}],"curies":[{"name":"wp","href":"https:\/\/api.w.org\/{rel}","templated":true}]}}