{"id":199,"date":"2017-07-02T17:18:49","date_gmt":"2017-07-02T15:18:49","guid":{"rendered":"http:\/\/joelgirauddepute.fr\/?p=199"},"modified":"2017-07-28T14:57:29","modified_gmt":"2017-07-28T12:57:29","slug":"les-jeunes-agriculteurs-parlent-du-loup-avec-le-ministre-travert","status":"publish","type":"post","link":"http:\/\/joelgirauddepute.fr\/index.php\/2017\/07\/02\/les-jeunes-agriculteurs-parlent-du-loup-avec-le-ministre-travert\/","title":{"rendered":"Les jeunes agriculteurs parlent du loup avec le ministre, gr\u00e2ce \u00e0 Jo\u00ebl Giraud"},"content":{"rendered":"<p>Le d\u00e9put\u00e9 Jo\u00ebl Giraud avec Damien Gerby, co-pr\u00e9sident des JA 05, St\u00e9phane Travert, le ministre de l\u2019Agriculture et \u00c9douard Pierre, responsable du dossier loup JA 05.<\/p>\n<div class=\"contenu\">\n<div class=\"column\">\n<div class=\"richContentComponent textComponent\">\n<p>\u00abLe but \u00e9tait de lui pr\u00e9senter notre situation. Il vient de Normandie, donc on voulait lui faire un \u00e9tat des lieux du travail en montagne et du probl\u00e8me du loup \u00bb. Lundi soir, Edouard Pierre et Damien Gerby, des Jeunes agriculteurs (JA) 05, ont rencontr\u00e9 le ministre de l\u2019Agriculture St\u00e9phane Travert par l\u2019interm\u00e9diaire du d\u00e9put\u00e9 Jo\u00ebl Giraud. \u00ab C\u2019est gr\u00e2ce \u00e0 lui qu\u2019on a pu avoir ce rendez-vous. On a aussi pr\u00e9sent\u00e9 les attentes de la profession notamment sur l\u2019augmentation du quota de tirs et sur la n\u00e9cessit\u00e9 de b\u00e9n\u00e9ficier de tirs de d\u00e9fense toute l\u2019ann\u00e9e \u00bb, explique Edouard Pierre, responsable du dossier loup. Et d\u2019ajouter : \u00ab En ce moment on a atteint le quota de quarante loups, donc on regarde nos b\u00eates se faire tuer, on ne peut rien faire. \u00bb Jo\u00ebl Giraud dans un communiqu\u00e9 expliquait : \u201cAu sortir de cette r\u00e9union, le ministre s\u2019est engag\u00e9 notamment \u00e0 ce que les modalit\u00e9s du plan loup soient revues, en particulier sur la p\u00e9riode d\u2019autorisation des tirs de d\u00e9fense, et que les questions de gestion puissent \u00eatre vues \u00e0 l\u2019issue de la p\u00e9riode d\u2019estive qui est d\u00e9j\u00e0 critique dans les Hautes-Alpes avec plus de 160 brebis pr\u00e9dat\u00e9es depuis le d\u00e9but de la saison en alpage\u201d. Les JA esp\u00e8rent que le ministre pourra peser sur le minist\u00e8re de l\u2019\u00c9cologie : \u00ab On a rencontr\u00e9 quelqu\u2019un de tr\u00e8s \u00e0 l\u2019\u00e9coute. Il partage notre avis et va nous aider \u00bb, conclut Edouard Pierre. Dans un communiqu\u00e9, les JA affirment que le ministre \u201cs\u2019est engag\u00e9 \u00e0 venir constater sur le terrain les difficult\u00e9s de l\u2019\u00e9levage de montagne d\u2019ici l\u2019automne.\u201d<\/p>\n<p>source : Dauphin\u00e9 Lib\u00e9r\u00e9<\/p>\n<\/div>\n<\/div>\n<\/div>\n","protected":false},"excerpt":{"rendered":"<div class=\"mh-excerpt\"><p>Le d\u00e9put\u00e9 Jo\u00ebl Giraud avec Damien Gerby, co-pr\u00e9sident des JA 05, St\u00e9phane Travert, le ministre de l\u2019Agriculture et \u00c9douard Pierre, responsable du dossier loup JA <a class=\"mh-excerpt-more\" href=\"http:\/\/joelgirauddepute.fr\/index.php\/2017\/07\/02\/les-jeunes-agriculteurs-parlent-du-loup-avec-le-ministre-travert\/\" title=\"Les jeunes agriculteurs parlent du loup avec le ministre, gr\u00e2ce \u00e0 Jo\u00ebl Giraud\">[&#8230;]<\/a><\/p>\n<\/div>","protected":false},"author":1,"featured_media":200,"comment_status":"open","ping_status":"open","sticky":false,"template":"","format":"standard","meta":{"footnotes":""},"categories":[4],"tags":[],"class_list":["post-199","post","type-post","status-publish","format-standard","has-post-thumbnail","hentry","category-circo"],"jetpack_featured_media_url":"http:\/\/joelgirauddepute.fr\/wp-content\/uploads\/2017\/07\/loup.jpg","jetpack_sharing_enabled":true,"jetpack_shortlink":"https:\/\/wp.me\/pabfdt-3d","_links":{"self":[{"href":"http:\/\/joelgirauddepute.fr\/index.php\/wp-json\/wp\/v2\/posts\/199","targetHints":{"allow":["GET"]}}],"collection":[{"href":"http:\/\/joelgirauddepute.fr\/index.php\/wp-json\/wp\/v2\/posts"}],"about":[{"href":"http:\/\/joelgirauddepute.fr\/index.php\/wp-json\/wp\/v2\/types\/post"}],"author":[{"embeddable":true,"href":"http:\/\/joelgirauddepute.fr\/index.php\/wp-json\/wp\/v2\/users\/1"}],"replies":[{"embeddable":true,"href":"http:\/\/joelgirauddepute.fr\/index.php\/wp-json\/wp\/v2\/comments?post=199"}],"version-history":[{"count":2,"href":"http:\/\/joelgirauddepute.fr\/index.php\/wp-json\/wp\/v2\/posts\/199\/revisions"}],"predecessor-version":[{"id":202,"href":"http:\/\/joelgirauddepute.fr\/index.php\/wp-json\/wp\/v2\/posts\/199\/revisions\/202"}],"wp:featuredmedia":[{"embeddable":true,"href":"http:\/\/joelgirauddepute.fr\/index.php\/wp-json\/wp\/v2\/media\/200"}],"wp:attachment":[{"href":"http:\/\/joelgirauddepute.fr\/index.php\/wp-json\/wp\/v2\/media?parent=199"}],"wp:term":[{"taxonomy":"category","embeddable":true,"href":"http:\/\/joelgirauddepute.fr\/index.php\/wp-json\/wp\/v2\/categories?post=199"},{"taxonomy":"post_tag","embeddable":true,"href":"http:\/\/joelgirauddepute.fr\/index.php\/wp-json\/wp\/v2\/tags?post=199"}],"curies":[{"name":"wp","href":"https:\/\/api.w.org\/{rel}","templated":true}]}}