{"id":1612,"date":"2018-06-08T17:17:26","date_gmt":"2018-06-08T15:17:26","guid":{"rendered":"http:\/\/joelgirauddepute.fr\/?p=1612"},"modified":"2018-06-09T21:54:03","modified_gmt":"2018-06-09T19:54:03","slug":"fete-de-musique-financait-recherche-medicale","status":"publish","type":"post","link":"http:\/\/joelgirauddepute.fr\/index.php\/2018\/06\/08\/fete-de-musique-financait-recherche-medicale\/","title":{"rendered":"Et si la F\u00eate de la Musique finan\u00e7ait la recherche m\u00e9dicale ?"},"content":{"rendered":"<p><span style=\"color: #800080;\"><strong>Ce vendredi 8 juin s\u2019est tenu une conf\u00e9rence de presse dans les locaux du Casino Circus de Brian\u00e7on organis\u00e9e par l\u2019association \u00ab\u00a0Le Sourire d\u2019Aurore contre la SLA\u00a0\u00bb pour associer la \u00ab\u00a0F\u00eate de la Musique\u00a0\u00bb \u00e0 la \u00ab\u00a0Journ\u00e9e Mondiale de la SLA\u00a0\u00bb, au profit de la recherche m\u00e9dicale contre la maladie de Charcot.<\/strong><\/span><\/p>\n<p>En effet, le 21 juin, bien connu pour \u00eatre la journ\u00e9e de la \u00ab\u00a0F\u00eate de la Musique\u00a0\u00bb, est \u00e9galement, ne l\u2019oublions pas, la \u00ab\u00a0Journ\u00e9e Mondiale de la SLA\u00a0\u00bb\u00a0!<\/p>\n<p>\u00c9taient pr\u00e9sents\u00a0: Jo\u00ebl Giraud, d\u00e9put\u00e9 des Hautes-Alpes, G\u00e9rard Fromm, maire de Brian\u00e7on et conseiller d\u00e9partemental ainsi que plusieurs autres conseillers d\u00e9partementaux, Marie-No\u00eblle Disdier, Marine Michel, Arnaud Murgia, ainsi que G\u00e9rard Guimbert premier adjoint repr\u00e9sentant le maire de l\u2019Argenti\u00e8re- La Bess\u00e9e et Alain Prorel, adjoint au maire de Brian\u00e7on.<\/p>\n<p>On pouvait \u00e9galement noter la pr\u00e9sence de Bastien Rippert, directeur de l\u2019H\u00f4pital de Brian\u00e7on et de Martine Barge, repr\u00e9sentant la directrice des \u00c9tablissements Rh\u00f4ne-Azur.<\/p>\n<p>Rappelons que la SLA ou maladie de Charcot est encore aujourd\u2019hui une maladie incurable. Trois ans apr\u00e8s le diagnostic, un malade sur deux est d\u00e9c\u00e9d\u00e9, d\u2019o\u00f9 la n\u00e9cessit\u00e9 de mettre l\u2019accent sur la recherche m\u00e9dicale.<\/p>\n<p>La cohabitation de ces deux journ\u00e9es internationales (musique\/SLA) le 21 juin permet de poser la question\u00a0: <span style=\"color: #800080;\"><strong>pourquoi ne pas les associer au profit de la recherche m\u00e9dicale\u00a0?<\/strong><\/span><\/p>\n<p>Le d\u00e9put\u00e9 des Hautes-Alpes Jo\u00ebl Giraud, porteur de cette question, a saisi les ministres de la Sant\u00e9 et de la Culture.<\/p>\n<p>Les concerts sont d\u00e9j\u00e0 financ\u00e9s et organis\u00e9s et ainsi, <span style=\"color: #800080;\"><strong>comment ne pas saisir cette opportunit\u00e9 pour sauver des malades condamn\u00e9s\u00a0? \u00a0<\/strong><\/span><\/p>\n<p>La discussion a tourn\u00e9 autour de plusieurs th\u00e8mes\u00a0: les malades de la SLA (8000 en France) ont une esp\u00e9rance de vie de 5 ans \u00e0 compter du diagnostic, car il n\u2019existe pas de rem\u00e8de, avons-nous le droit de refuser que la musique leur vienne en aide\u00a0?<\/p>\n<p><strong><span style=\"color: #800080;\">L\u2019enjeu de cette question est plus important qu\u2019il n\u2019y parait\u00a0: il d\u00e9passe nos fronti\u00e8res et il est probable que l\u2019exemple que pourrait donner la France, comme pour la F\u00eate de la Musique, soit adopt\u00e9 dans de nombreux autres pays.<\/span><\/strong><\/p>\n<p>Au niveau local, l\u2019association \u00ab\u00a0Le Sourire d\u2019Aurore\u00a0\u00bb rel\u00e8ve le d\u00e9fi \u00e0 l\u2019Argenti\u00e8re-La Bess\u00e9e et organise le 21 juin une s\u00e9rie de concerts vari\u00e9s et gratuits, de 17h \u00e0 2h du matin, au programme desquels l\u2019\u00c9cho des Glaciers et quatre groupes venus de Marseille et Paris pour finir avec un DJ Dennis.<\/p>\n<p><img loading=\"lazy\" decoding=\"async\" class=\"alignnone wp-image-1615\" src=\"http:\/\/joelgirauddepute.fr\/wp-content\/uploads\/2018\/06\/controle-Sourire-Aurore-encart-92x1355-204x300.jpg\" alt=\"\" width=\"367\" height=\"540\" srcset=\"http:\/\/joelgirauddepute.fr\/wp-content\/uploads\/2018\/06\/controle-Sourire-Aurore-encart-92x1355-204x300.jpg 204w, http:\/\/joelgirauddepute.fr\/wp-content\/uploads\/2018\/06\/controle-Sourire-Aurore-encart-92x1355-696x1024.jpg 696w, http:\/\/joelgirauddepute.fr\/wp-content\/uploads\/2018\/06\/controle-Sourire-Aurore-encart-92x1355.jpg 725w\" sizes=\"auto, (max-width: 367px) 100vw, 367px\" \/><\/p>\n<p>&nbsp;<\/p>\n<p>article Alpes 1 :<\/p>\n<p><a href=\"http:\/\/alpesdusud.alpes1.com\/news\/hautes-alpes\/69437\/hautes-alpes-et-si-la-fete-de-la-musique-financait-la-recherche-medicale-j-giraud\">http:\/\/alpesdusud.alpes1.com\/news\/hautes-alpes\/69437\/hautes-alpes-et-si-la-fete-de-la-musique-financait-la-recherche-medicale-j-giraud<\/a><\/p>\n<p>article Dauphin\u00e9 lib\u00e9r\u00e9 :<\/p>\n<p><a href=\"https:\/\/www.ledauphine.com\/hautes-alpes\/2018\/06\/09\/la-fete-de-la-musique-au-profit-de-la-recherche-medicale-le-depute-giraud-a-saisi-les-ministres-de-la-sante-et-de-la-culture\">https:\/\/www.ledauphine.com\/hautes-alpes\/2018\/06\/09\/la-fete-de-la-musique-au-profit-de-la-recherche-medicale-le-depute-giraud-a-saisi-les-ministres-de-la-sante-et-de-la-culture<\/a><\/p>\n<p>&nbsp;<\/p>\n","protected":false},"excerpt":{"rendered":"<div class=\"mh-excerpt\"><p>Ce vendredi 8 juin s\u2019est tenu une conf\u00e9rence de presse dans les locaux du Casino Circus de Brian\u00e7on organis\u00e9e par l\u2019association \u00ab\u00a0Le Sourire d\u2019Aurore contre <a class=\"mh-excerpt-more\" href=\"http:\/\/joelgirauddepute.fr\/index.php\/2018\/06\/08\/fete-de-musique-financait-recherche-medicale\/\" title=\"Et si la F\u00eate de la Musique finan\u00e7ait la recherche m\u00e9dicale ?\">[&#8230;]<\/a><\/p>\n<\/div>","protected":false},"author":1,"featured_media":1613,"comment_status":"open","ping_status":"open","sticky":false,"template":"","format":"standard","meta":{"footnotes":""},"categories":[4,6,18,26],"tags":[],"class_list":["post-1612","post","type-post","status-publish","format-standard","has-post-thumbnail","hentry","category-circo","category-communiques","category-culture","category-sante"],"jetpack_featured_media_url":"http:\/\/joelgirauddepute.fr\/wp-content\/uploads\/2018\/06\/photo-participants27603.jpg","jetpack_sharing_enabled":true,"jetpack_shortlink":"https:\/\/wp.me\/pabfdt-q0","_links":{"self":[{"href":"http:\/\/joelgirauddepute.fr\/index.php\/wp-json\/wp\/v2\/posts\/1612","targetHints":{"allow":["GET"]}}],"collection":[{"href":"http:\/\/joelgirauddepute.fr\/index.php\/wp-json\/wp\/v2\/posts"}],"about":[{"href":"http:\/\/joelgirauddepute.fr\/index.php\/wp-json\/wp\/v2\/types\/post"}],"author":[{"embeddable":true,"href":"http:\/\/joelgirauddepute.fr\/index.php\/wp-json\/wp\/v2\/users\/1"}],"replies":[{"embeddable":true,"href":"http:\/\/joelgirauddepute.fr\/index.php\/wp-json\/wp\/v2\/comments?post=1612"}],"version-history":[{"count":7,"href":"http:\/\/joelgirauddepute.fr\/index.php\/wp-json\/wp\/v2\/posts\/1612\/revisions"}],"predecessor-version":[{"id":1621,"href":"http:\/\/joelgirauddepute.fr\/index.php\/wp-json\/wp\/v2\/posts\/1612\/revisions\/1621"}],"wp:featuredmedia":[{"embeddable":true,"href":"http:\/\/joelgirauddepute.fr\/index.php\/wp-json\/wp\/v2\/media\/1613"}],"wp:attachment":[{"href":"http:\/\/joelgirauddepute.fr\/index.php\/wp-json\/wp\/v2\/media?parent=1612"}],"wp:term":[{"taxonomy":"category","embeddable":true,"href":"http:\/\/joelgirauddepute.fr\/index.php\/wp-json\/wp\/v2\/categories?post=1612"},{"taxonomy":"post_tag","embeddable":true,"href":"http:\/\/joelgirauddepute.fr\/index.php\/wp-json\/wp\/v2\/tags?post=1612"}],"curies":[{"name":"wp","href":"https:\/\/api.w.org\/{rel}","templated":true}]}}