{"id":1515,"date":"2018-05-24T13:14:43","date_gmt":"2018-05-24T11:14:43","guid":{"rendered":"http:\/\/joelgirauddepute.fr\/?p=1515"},"modified":"2018-05-24T13:14:43","modified_gmt":"2018-05-24T11:14:43","slug":"chambre-de-commerce-dindustrie-hautes-alpes-visite-a-lassemblee-nationale","status":"publish","type":"post","link":"http:\/\/joelgirauddepute.fr\/index.php\/2018\/05\/24\/chambre-de-commerce-dindustrie-hautes-alpes-visite-a-lassemblee-nationale\/","title":{"rendered":"La Chambre de Commerce et d\u2019Industrie des Hautes-Alpes en visite \u00e0 l\u2019Assembl\u00e9e Nationale"},"content":{"rendered":"<p>Mercredi 23 mai, une d\u00e9l\u00e9gation de la CCI 05 emmen\u00e9e par leur Pr\u00e9sident Eric GORDE a visit\u00e9 l\u2019Assembl\u00e9e Nationale. Cette visite, qui a dur\u00e9 plus d\u2019une heure trente, a \u00e9t\u00e9 accompagn\u00e9e par une guide de l\u2019Assembl\u00e9e qui a pu leur montrer les richesses exceptionnelles de ce b\u00e2timent.<\/p>\n<p>La d\u00e9l\u00e9gation a ensuite \u00e9t\u00e9 re\u00e7ue par Monsieur Jo\u00ebl GIRAUD, d\u00e9put\u00e9 des Hautes-Alpes,\u00a0 dans son bureau de rapporteur g\u00e9n\u00e9ral de la commission des finances. L\u2019occasion pour tous de poser des questions, de revenir sur le travail parlementaire\u00a0 et d\u2019aborder quelques points particuliers concernant les Hautes-Alpes.<\/p>\n<p>Pour clore cette journ\u00e9e, un cocktail leur a \u00e9t\u00e9 propos\u00e9 au Petit H\u00f4tel, moment fort sympathique de l\u2019avis de tous<\/p>\n","protected":false},"excerpt":{"rendered":"<div class=\"mh-excerpt\"><p>Mercredi 23 mai, une d\u00e9l\u00e9gation de la CCI 05 emmen\u00e9e par leur Pr\u00e9sident Eric GORDE a visit\u00e9 l\u2019Assembl\u00e9e Nationale. Cette visite, qui a dur\u00e9 plus <a class=\"mh-excerpt-more\" href=\"http:\/\/joelgirauddepute.fr\/index.php\/2018\/05\/24\/chambre-de-commerce-dindustrie-hautes-alpes-visite-a-lassemblee-nationale\/\" title=\"La Chambre de Commerce et d\u2019Industrie des Hautes-Alpes en visite \u00e0 l\u2019Assembl\u00e9e Nationale\">[&#8230;]<\/a><\/p>\n<\/div>","protected":false},"author":1,"featured_media":1517,"comment_status":"open","ping_status":"open","sticky":false,"template":"","format":"standard","meta":{"footnotes":""},"categories":[4,6,37,38],"tags":[],"class_list":["post-1515","post","type-post","status-publish","format-standard","has-post-thumbnail","hentry","category-circo","category-communiques","category-economie","category-entreprise"],"jetpack_featured_media_url":"http:\/\/joelgirauddepute.fr\/wp-content\/uploads\/2018\/05\/rencontre-CCI-\u00e0-lAN-230518-003.jpg","jetpack_sharing_enabled":true,"jetpack_shortlink":"https:\/\/wp.me\/pabfdt-or","_links":{"self":[{"href":"http:\/\/joelgirauddepute.fr\/index.php\/wp-json\/wp\/v2\/posts\/1515","targetHints":{"allow":["GET"]}}],"collection":[{"href":"http:\/\/joelgirauddepute.fr\/index.php\/wp-json\/wp\/v2\/posts"}],"about":[{"href":"http:\/\/joelgirauddepute.fr\/index.php\/wp-json\/wp\/v2\/types\/post"}],"author":[{"embeddable":true,"href":"http:\/\/joelgirauddepute.fr\/index.php\/wp-json\/wp\/v2\/users\/1"}],"replies":[{"embeddable":true,"href":"http:\/\/joelgirauddepute.fr\/index.php\/wp-json\/wp\/v2\/comments?post=1515"}],"version-history":[{"count":1,"href":"http:\/\/joelgirauddepute.fr\/index.php\/wp-json\/wp\/v2\/posts\/1515\/revisions"}],"predecessor-version":[{"id":1518,"href":"http:\/\/joelgirauddepute.fr\/index.php\/wp-json\/wp\/v2\/posts\/1515\/revisions\/1518"}],"wp:featuredmedia":[{"embeddable":true,"href":"http:\/\/joelgirauddepute.fr\/index.php\/wp-json\/wp\/v2\/media\/1517"}],"wp:attachment":[{"href":"http:\/\/joelgirauddepute.fr\/index.php\/wp-json\/wp\/v2\/media?parent=1515"}],"wp:term":[{"taxonomy":"category","embeddable":true,"href":"http:\/\/joelgirauddepute.fr\/index.php\/wp-json\/wp\/v2\/categories?post=1515"},{"taxonomy":"post_tag","embeddable":true,"href":"http:\/\/joelgirauddepute.fr\/index.php\/wp-json\/wp\/v2\/tags?post=1515"}],"curies":[{"name":"wp","href":"https:\/\/api.w.org\/{rel}","templated":true}]}}