{"id":1406,"date":"2018-04-23T11:30:53","date_gmt":"2018-04-23T09:30:53","guid":{"rendered":"http:\/\/joelgirauddepute.fr\/?p=1406"},"modified":"2018-04-23T14:26:13","modified_gmt":"2018-04-23T12:26:13","slug":"joel-giraud-condamne-violences-week-end-hautes-alpes-salue-avancees-de-loi-lassouplissement-delit-de-solidarite-refus-dentree-territoir","status":"publish","type":"post","link":"http:\/\/joelgirauddepute.fr\/index.php\/2018\/04\/23\/joel-giraud-condamne-violences-week-end-hautes-alpes-salue-avancees-de-loi-lassouplissement-delit-de-solidarite-refus-dentree-territoir\/","title":{"rendered":"Jo\u00ebl Giraud condamne les violences du week-end dans les Hautes-Alpes et salue les avanc\u00e9es de la loi sur l\u2019assouplissement du d\u00e9lit de solidarit\u00e9 et les refus d\u2019entr\u00e9e sur le territoire"},"content":{"rendered":"<p>Le week-end aura \u00e9t\u00e9 marqu\u00e9 par des incidents inqualifiables perp\u00e9tr\u00e9s par des personnes qui utilisent le drame des migrants \u00e0 des fins uniquement politiques.<\/p>\n<p>La provocation de ceux qui \u00e0 l\u2019ultra droite veulent verrouiller les fronti\u00e8res a eu pour seule cons\u00e9quence de faire converger sur le site de la fronti\u00e8re franco-italienne des groupes d\u2019ultra gauche qui ont fait passer ill\u00e9galement des personnes avec le seul objectif d\u2019affronter les forces de l\u2019ordre, dont je salue le courage et l\u2019engagement.<\/p>\n<p>Les incidents avaient d\u00e9but\u00e9 la veille \u00e0 Gap de mani\u00e8re aussi inqualifiable.<\/p>\n<p>Aucune opposition \u00e0 un projet de loi, aucune philosophie ne sauraient justifier une telle attitude.<\/p>\n<p>Pendant ce temps, les d\u00e9bats se sont poursuivis \u00e0 l\u2019Assembl\u00e9e Nationale et les mesures que j\u2019avais fait adopter en commission pour trouver un \u00e9quilibre sur le sujet des refus d\u2019entr\u00e9e ont \u00e9t\u00e9 confirm\u00e9es.\u00a0 Les \u00ab non admissions \u00bb sur le territoire national, qui relevaient d\u2019un r\u00e9gime juridique flou dangereux tant pour les forces de l\u2019ordre que pour la dignit\u00e9 des migrants, instaur\u00e9 en 2015, sont d\u00e9sormais encadr\u00e9s tant sur le plan de la zone g\u00e9ographique d\u2019interpellation, qui ne pourra exc\u00e9der 10 kms par rapport \u00e0 la fronti\u00e8re, que sur l\u2019attention particuli\u00e8re qui devra \u00eatre apport\u00e9e aux personnes vuln\u00e9rables,\u00a0 notamment aux mineurs y compris accompagn\u00e9s.<\/p>\n<p>On rappellera qu\u2019il s\u2019agit aujourd\u2019hui du syst\u00e8me le plus fr\u00e9quent de refus d\u2019admission sur le territoire et que la loi \u00e9tait \u00e0 l\u2019origine muette sur ce sujet crucial.<\/p>\n<p>De m\u00eame, je salue l\u2019am\u00e9nagement du d\u00e9lit de solidarit\u00e9 instaur\u00e9 en 2012 et tr\u00e8s contest\u00e9, qui comporte d\u00e9sormais des d\u00e9rogations mettant \u00e0 l\u2019abri les aidants, y compris lorsqu\u2019ils transportent des personnes dont la sant\u00e9 ou l\u2019int\u00e9grit\u00e9 physique est en jeu.<\/p>\n<p>Il s\u2019agit l\u00e0 d\u2019un point dur qui a pu \u00eatre lev\u00e9 gr\u00e2ce \u00e0 l\u2019ouverture d\u2019esprit du Ministre d\u2019\u00c9tat Ministre de l\u2019Int\u00e9rieur que je tiens \u00e0 saluer.<\/p>\n<p>&nbsp;<\/p>\n<p><span style=\"color: #800080;\"><strong>DAUPHINE LIBERE<\/strong><\/span><\/p>\n<p><a href=\"https:\/\/www.ledauphine.com\/hautes-alpes\/2018\/04\/23\/briancon-droite-et-gauche-condamnent-les-manifestations-violentes\">https:\/\/www.ledauphine.com\/hautes-alpes\/2018\/04\/23\/briancon-droite-et-gauche-condamnent-les-manifestations-violentes<\/a><\/p>\n<p><strong><span style=\"color: #800080;\">ALPES 1<\/span><\/strong><\/p>\n<p><a href=\"http:\/\/alpesdusud.alpes1.com\/news\/hautes-alpes\/68212\/hautes-alpes-col-de-l-echelle-retour-sur-les-reactions-politiques\">http:\/\/alpesdusud.alpes1.com\/news\/hautes-alpes\/68212\/hautes-alpes-col-de-l-echelle-retour-sur-les-reactions-politiques<\/a><\/p>\n<p>&nbsp;<\/p>\n","protected":false},"excerpt":{"rendered":"<div class=\"mh-excerpt\"><p>Le week-end aura \u00e9t\u00e9 marqu\u00e9 par des incidents inqualifiables perp\u00e9tr\u00e9s par des personnes qui utilisent le drame des migrants \u00e0 des fins uniquement politiques. La <a class=\"mh-excerpt-more\" href=\"http:\/\/joelgirauddepute.fr\/index.php\/2018\/04\/23\/joel-giraud-condamne-violences-week-end-hautes-alpes-salue-avancees-de-loi-lassouplissement-delit-de-solidarite-refus-dentree-territoir\/\" title=\"Jo\u00ebl Giraud condamne les violences du week-end dans les Hautes-Alpes et salue les avanc\u00e9es de la loi sur l\u2019assouplissement du d\u00e9lit de solidarit\u00e9 et les refus d\u2019entr\u00e9e sur le territoire\">[&#8230;]<\/a><\/p>\n<\/div>","protected":false},"author":1,"featured_media":1407,"comment_status":"open","ping_status":"open","sticky":false,"template":"","format":"standard","meta":{"footnotes":""},"categories":[4,6,31],"tags":[],"class_list":["post-1406","post","type-post","status-publish","format-standard","has-post-thumbnail","hentry","category-circo","category-communiques","category-travaux-legislatifs"],"jetpack_featured_media_url":"http:\/\/joelgirauddepute.fr\/wp-content\/uploads\/2018\/04\/carte-col-de-l-echelle-plan.gif","jetpack_sharing_enabled":true,"jetpack_shortlink":"https:\/\/wp.me\/pabfdt-mG","_links":{"self":[{"href":"http:\/\/joelgirauddepute.fr\/index.php\/wp-json\/wp\/v2\/posts\/1406","targetHints":{"allow":["GET"]}}],"collection":[{"href":"http:\/\/joelgirauddepute.fr\/index.php\/wp-json\/wp\/v2\/posts"}],"about":[{"href":"http:\/\/joelgirauddepute.fr\/index.php\/wp-json\/wp\/v2\/types\/post"}],"author":[{"embeddable":true,"href":"http:\/\/joelgirauddepute.fr\/index.php\/wp-json\/wp\/v2\/users\/1"}],"replies":[{"embeddable":true,"href":"http:\/\/joelgirauddepute.fr\/index.php\/wp-json\/wp\/v2\/comments?post=1406"}],"version-history":[{"count":3,"href":"http:\/\/joelgirauddepute.fr\/index.php\/wp-json\/wp\/v2\/posts\/1406\/revisions"}],"predecessor-version":[{"id":1422,"href":"http:\/\/joelgirauddepute.fr\/index.php\/wp-json\/wp\/v2\/posts\/1406\/revisions\/1422"}],"wp:featuredmedia":[{"embeddable":true,"href":"http:\/\/joelgirauddepute.fr\/index.php\/wp-json\/wp\/v2\/media\/1407"}],"wp:attachment":[{"href":"http:\/\/joelgirauddepute.fr\/index.php\/wp-json\/wp\/v2\/media?parent=1406"}],"wp:term":[{"taxonomy":"category","embeddable":true,"href":"http:\/\/joelgirauddepute.fr\/index.php\/wp-json\/wp\/v2\/categories?post=1406"},{"taxonomy":"post_tag","embeddable":true,"href":"http:\/\/joelgirauddepute.fr\/index.php\/wp-json\/wp\/v2\/tags?post=1406"}],"curies":[{"name":"wp","href":"https:\/\/api.w.org\/{rel}","templated":true}]}}