{"id":1377,"date":"2018-04-18T10:59:20","date_gmt":"2018-04-18T08:59:20","guid":{"rendered":"http:\/\/joelgirauddepute.fr\/?p=1377"},"modified":"2018-04-19T12:26:22","modified_gmt":"2018-04-19T10:26:22","slug":"cooperatives-agricoles-pourront-mieux-investir-grace-a-amendement-de-joel-giraud-a-loi-equilibre-relations-commerciales-secteur-agricole-alimentaire","status":"publish","type":"post","link":"http:\/\/joelgirauddepute.fr\/index.php\/2018\/04\/18\/cooperatives-agricoles-pourront-mieux-investir-grace-a-amendement-de-joel-giraud-a-loi-equilibre-relations-commerciales-secteur-agricole-alimentaire\/","title":{"rendered":"Les coop\u00e9ratives agricoles pourront mieux investir gr\u00e2ce \u00e0 un amendement de Jo\u00ebl GIRAUD \u00e0 la loi \u00ab \u00c9quilibre des relations commerciales dans le secteur agricole et alimentaire \u00bb"},"content":{"rendered":"<div style=\"width: 854px;\" class=\"wp-video\"><video class=\"wp-video-shortcode\" id=\"video-1377-1\" width=\"854\" height=\"480\" preload=\"metadata\" controls=\"controls\"><source type=\"video\/mp4\" src=\"http:\/\/joelgirauddepute.fr\/wp-content\/uploads\/2018\/04\/stes-coop-egalim.mp4?_=1\" \/><a href=\"http:\/\/joelgirauddepute.fr\/wp-content\/uploads\/2018\/04\/stes-coop-egalim.mp4\">http:\/\/joelgirauddepute.fr\/wp-content\/uploads\/2018\/04\/stes-coop-egalim.mp4<\/a><\/video><\/div>\n<p><span style=\"color: #000000; font-family: Calibri;\">Jusqu\u2019\u00e0 pr\u00e9sent, et au contraire des autres structures de l\u2019\u00e9conomie sociale et solidaire, les coop\u00e9ratives agricoles et notamment les CUMA avaient l\u2019obligation de garder les subventions publiques sur un compte de r\u00e9serve indisponible.\u00a0 Le but de cette mesure \u00e9tait de consolider les fonds propres de ce secteur.\u00a0 Mais dans un monde qui change, cette rigueur a \u00e9t\u00e9 souvent un frein \u00e0 la performance \u00e9conomique.\u00a0 <\/span><\/p>\n<p><span style=\"color: #000000; font-family: Calibri;\">Entre 2 interventions sur le programme de stabilit\u00e9 o\u00f9 il intervenait comme rapporteur g\u00e9n\u00e9ral,\u00a0 le d\u00e9put\u00e9 des Hautes-Alpes Jo\u00ebl GIRAUD est all\u00e9 d\u00e9fendre en commission des affaires \u00e9conomiques un amendement qui adoucit cette r\u00e8gle en limitant \u00e0 50% du montant cette obligation de garder en r\u00e9serve indisponible les subventions publiques.\u00a0 <\/span><\/p>\n<p><span style=\"color: #000000; font-family: Calibri;\">Joel GIRAUD a eu le soutien du rapporteur de la loi \u00c9quilibre des relations commerciales dans le secteur agricole et alimentaire, a obtenu la sagesse du Ministre et l\u2019amendement a \u00e9t\u00e9 adopt\u00e9.\u00a0\u00a0 Les CUMA pourront donc affecter le solde de 50% au plus des subventions publiques au compte de r\u00e9sultat et ainsi mieux investir mais aussi am\u00e9liorer leurs charges d\u2019exploitation ou baisser le co\u00fbt des services rendus \u00e0 leurs adh\u00e9rents.\u00a0 <\/span><\/p>\n<p>&nbsp;<\/p>\n","protected":false},"excerpt":{"rendered":"<div class=\"mh-excerpt\"><p>Jusqu\u2019\u00e0 pr\u00e9sent, et au contraire des autres structures de l\u2019\u00e9conomie sociale et solidaire, les coop\u00e9ratives agricoles et notamment les CUMA avaient l\u2019obligation de garder les <a class=\"mh-excerpt-more\" href=\"http:\/\/joelgirauddepute.fr\/index.php\/2018\/04\/18\/cooperatives-agricoles-pourront-mieux-investir-grace-a-amendement-de-joel-giraud-a-loi-equilibre-relations-commerciales-secteur-agricole-alimentaire\/\" title=\"Les coop\u00e9ratives agricoles pourront mieux investir gr\u00e2ce \u00e0 un amendement de Jo\u00ebl GIRAUD \u00e0 la loi \u00ab \u00c9quilibre des relations commerciales dans le secteur agricole et alimentaire \u00bb\">[&#8230;]<\/a><\/p>\n<\/div>","protected":false},"author":1,"featured_media":1398,"comment_status":"open","ping_status":"open","sticky":false,"template":"","format":"standard","meta":{"footnotes":""},"categories":[23,4,6,29,24,31,10],"tags":[],"class_list":["post-1377","post","type-post","status-publish","format-standard","has-post-thumbnail","hentry","category-agriculture","category-circo","category-communiques","category-developpement-durable","category-montagne","category-travaux-legislatifs","category-videos"],"jetpack_featured_media_url":"http:\/\/joelgirauddepute.fr\/wp-content\/uploads\/2018\/04\/cooperationagricole-2.jpg","jetpack_sharing_enabled":true,"jetpack_shortlink":"https:\/\/wp.me\/pabfdt-md","_links":{"self":[{"href":"http:\/\/joelgirauddepute.fr\/index.php\/wp-json\/wp\/v2\/posts\/1377","targetHints":{"allow":["GET"]}}],"collection":[{"href":"http:\/\/joelgirauddepute.fr\/index.php\/wp-json\/wp\/v2\/posts"}],"about":[{"href":"http:\/\/joelgirauddepute.fr\/index.php\/wp-json\/wp\/v2\/types\/post"}],"author":[{"embeddable":true,"href":"http:\/\/joelgirauddepute.fr\/index.php\/wp-json\/wp\/v2\/users\/1"}],"replies":[{"embeddable":true,"href":"http:\/\/joelgirauddepute.fr\/index.php\/wp-json\/wp\/v2\/comments?post=1377"}],"version-history":[{"count":3,"href":"http:\/\/joelgirauddepute.fr\/index.php\/wp-json\/wp\/v2\/posts\/1377\/revisions"}],"predecessor-version":[{"id":1397,"href":"http:\/\/joelgirauddepute.fr\/index.php\/wp-json\/wp\/v2\/posts\/1377\/revisions\/1397"}],"wp:featuredmedia":[{"embeddable":true,"href":"http:\/\/joelgirauddepute.fr\/index.php\/wp-json\/wp\/v2\/media\/1398"}],"wp:attachment":[{"href":"http:\/\/joelgirauddepute.fr\/index.php\/wp-json\/wp\/v2\/media?parent=1377"}],"wp:term":[{"taxonomy":"category","embeddable":true,"href":"http:\/\/joelgirauddepute.fr\/index.php\/wp-json\/wp\/v2\/categories?post=1377"},{"taxonomy":"post_tag","embeddable":true,"href":"http:\/\/joelgirauddepute.fr\/index.php\/wp-json\/wp\/v2\/tags?post=1377"}],"curies":[{"name":"wp","href":"https:\/\/api.w.org\/{rel}","templated":true}]}}