{"id":1301,"date":"2018-04-05T18:01:31","date_gmt":"2018-04-05T16:01:31","guid":{"rendered":"http:\/\/joelgirauddepute.fr\/?p=1301"},"modified":"2018-04-06T15:43:59","modified_gmt":"2018-04-06T13:43:59","slug":"refus-dentree-france-depute-larem-hautes-alpes-joel-giraud-evoluer-loi-tres-polemique-refus-dentree","status":"publish","type":"post","link":"http:\/\/joelgirauddepute.fr\/index.php\/2018\/04\/05\/refus-dentree-france-depute-larem-hautes-alpes-joel-giraud-evoluer-loi-tres-polemique-refus-dentree\/","title":{"rendered":"Refus d\u2019entr\u00e9e en France : le d\u00e9put\u00e9 LaREM des Hautes-Alpes Jo\u00ebl Giraud fait \u00e9voluer la loi sur le sujet tr\u00e8s pol\u00e9mique des refus d\u2019entr\u00e9e"},"content":{"rendered":"<p>Le texte actuellement en discussion en commission des Lois \u00e0 l\u2019Assembl\u00e9e nationale \u00e9tait muet sur le vecteur actuel le plus utilis\u00e9 pour emp\u00eacher les migrants de p\u00e9n\u00e9trer sur le territoire national\u00a0: <strong>la non admission ou refus d\u2019entr\u00e9e.<\/strong> Et pour cause, c\u2019est en 2015 que cette proc\u00e9dure pr\u00e9vue essentiellement pour les a\u00e9roports et plus marginalement les gares internationales a \u00e9t\u00e9 entendu aux fronti\u00e8res terrestres. Elle a permis de l\u2019aveu du ministre de l\u2019int\u00e9rieur, d\u2019emp\u00eacher 85\u00a0000 personnes d\u2019entrer en France.<\/p>\n<p>Cette proc\u00e9dure est en outre susceptible d\u2019un recours aupr\u00e8s du Tribunal administratif, mais qui n\u2019est pas suspensif du transfert du requ\u00e9rant. <strong>Constatant sur le terrain les lacunes de la proc\u00e9dure, Jo\u00ebl Giraud <\/strong>d\u00e9put\u00e9 de la 2<sup>\u00e8me<\/sup> circonscription des Hautes-Alpes o\u00f9 la pression \u00e0 la fronti\u00e8re franco-italienne est tr\u00e8s forte, <strong>a port\u00e9 2 amendements pour l\u2019encadrer de mani\u00e8re tr\u00e8s stricte, tout d\u2019abord sur la zone g\u00e9ographique o\u00f9 le refus d\u2019entr\u00e9e peut \u00eatre prononc\u00e9. <\/strong>Car si la question ne se pose pas dans les a\u00e9roports o\u00f9 existent des zones de r\u00e9tention, les fronti\u00e8res terrestres sont tr\u00e8s diverses et cette impr\u00e9cision juridique pouvait conduire \u00e0 des interpellations tr\u00e8s loin de la fronti\u00e8re. L\u00e0 o\u00f9 consid\u00e9rer qu\u2019une personne n\u2019\u00e9tait entr\u00e9e sur le territoire \u00e9tait parfois surr\u00e9aliste.<\/p>\n<p>Le d\u00e9put\u00e9 a propos\u00e9 une zone limit\u00e9e aux communes limitrophes ou une bande de 10 kms par rapport \u00e0 la fronti\u00e8re, le Gouvernement en a accept\u00e9 le principe mais le d\u00e9limitera de mani\u00e8re pr\u00e9cise par d\u00e9cret pour coller \u00e0 la r\u00e9alit\u00e9 du terrain, le col de l\u2019\u00c9chelle entre N\u00e9vache (05) et Bardonecchia (Italie) n\u2019\u00e9tant pas Menton.<\/p>\n<p><strong>Le deuxi\u00e8me amendement de Jo\u00ebl Giraud fait \u00e9cho aux situations dramatiques qui ont d\u00e9fray\u00e9 la chronique<\/strong> avec des personnes enceintes ou malades, \u00e0 l\u2019image de la jeune nig\u00e9riane ramen\u00e9e en gare de Bardonecchia, enceinte et atteinte d\u2019un lymphome dont elle est d\u00e9c\u00e9d\u00e9e peu de temps apr\u00e8s \u00e0 l\u2019h\u00f4pital de Turin.<\/p>\n<p><strong>Il pr\u00e9voit une attention particuli\u00e8re pour les personnes vuln\u00e9rables,<\/strong> en insistant sur la situation des mineurs y compris accompagn\u00e9s.<\/p>\n<p>Jo\u00ebl Giraud rappelle que la vuln\u00e9rabilit\u00e9 est d\u00e9finie par une Directive de l\u2019UE, transpos\u00e9e en 2015 en droit fran\u00e7ais qui dresse la liste exhaustive des personnes vuln\u00e9rables (voir PJ). La pr\u00e9cision sur les mineurs y compris accompagn\u00e9s est utile devant, par exemple, les atermoiements, qui avaient conduit dans un premier temps \u00e0 s\u00e9parer \u00e0 la suite d\u2019un contr\u00f4le pr\u00e8s de Brian\u00e7on une femme en train d\u2019accoucher, de son mari et de ses deux enfants mineurs, avant que les autorit\u00e9s nationales ne se ravisent.<\/p>\n<p>Pour Jo\u00ebl Giraud ces amendements seront <strong><em>\u00ab\u00a0\u00e0 la fois protecteurs de droits humains et des forces de l\u2019ordre<\/em><\/strong><em> car les trous dans la raquette du droit sont aussi dangereux pour les personnes en d\u00e9tresse que sont les migrants, que pour les agents en charge de la s\u00e9curit\u00e9 publique, dont les missions doivent \u00eatre d\u00e9finies non pas oralement mais par des textes juridiques pr\u00e9cis.\u00a0\u00bb<\/em><\/p>\n<p><a href=\"http:\/\/joelgirauddepute.fr\/wp-content\/uploads\/2018\/04\/amdts-GIRAUD-PJL-IMMIGRATION-ASILE-non-admis-personnes-vulnerables-20180405.pdf\">amdts GIRAUD PJL IMMIGRATION ASILE non admis personnes vulnerables 20180405<\/a><\/p>\n<p><a href=\"http:\/\/joelgirauddepute.fr\/wp-content\/uploads\/2018\/04\/vulnerabilite.pdf\">vulnerabilite<\/a><\/p>\n<p><img loading=\"lazy\" decoding=\"async\" class=\"alignnone size-medium wp-image-1303\" src=\"http:\/\/joelgirauddepute.fr\/wp-content\/uploads\/2018\/04\/migrants-amdt-300x225.jpg\" alt=\"\" width=\"300\" height=\"225\" srcset=\"http:\/\/joelgirauddepute.fr\/wp-content\/uploads\/2018\/04\/migrants-amdt-300x225.jpg 300w, http:\/\/joelgirauddepute.fr\/wp-content\/uploads\/2018\/04\/migrants-amdt-768x576.jpg 768w, http:\/\/joelgirauddepute.fr\/wp-content\/uploads\/2018\/04\/migrants-amdt-678x509.jpg 678w, http:\/\/joelgirauddepute.fr\/wp-content\/uploads\/2018\/04\/migrants-amdt-326x245.jpg 326w, http:\/\/joelgirauddepute.fr\/wp-content\/uploads\/2018\/04\/migrants-amdt-80x60.jpg 80w, http:\/\/joelgirauddepute.fr\/wp-content\/uploads\/2018\/04\/migrants-amdt.jpg 800w\" sizes=\"auto, (max-width: 300px) 100vw, 300px\" \/><\/p>\n<div style=\"width: 854px;\" class=\"wp-video\"><video class=\"wp-video-shortcode\" id=\"video-1301-1\" width=\"854\" height=\"480\" preload=\"metadata\" controls=\"controls\"><source type=\"video\/mp4\" src=\"http:\/\/joelgirauddepute.fr\/wp-content\/uploads\/2018\/04\/com-loi-JGIRAUD-amendts-immigration-050418.mp4?_=1\" \/><a href=\"http:\/\/joelgirauddepute.fr\/wp-content\/uploads\/2018\/04\/com-loi-JGIRAUD-amendts-immigration-050418.mp4\">http:\/\/joelgirauddepute.fr\/wp-content\/uploads\/2018\/04\/com-loi-JGIRAUD-amendts-immigration-050418.mp4<\/a><\/video><\/div>\n","protected":false},"excerpt":{"rendered":"<div class=\"mh-excerpt\"><p>Le texte actuellement en discussion en commission des Lois \u00e0 l\u2019Assembl\u00e9e nationale \u00e9tait muet sur le vecteur actuel le plus utilis\u00e9 pour emp\u00eacher les migrants <a class=\"mh-excerpt-more\" href=\"http:\/\/joelgirauddepute.fr\/index.php\/2018\/04\/05\/refus-dentree-france-depute-larem-hautes-alpes-joel-giraud-evoluer-loi-tres-polemique-refus-dentree\/\" title=\"Refus d\u2019entr\u00e9e en France : le d\u00e9put\u00e9 LaREM des Hautes-Alpes Jo\u00ebl Giraud fait \u00e9voluer la loi sur le sujet tr\u00e8s pol\u00e9mique des refus d\u2019entr\u00e9e\">[&#8230;]<\/a><\/p>\n<\/div>","protected":false},"author":1,"featured_media":1303,"comment_status":"open","ping_status":"open","sticky":false,"template":"","format":"standard","meta":{"footnotes":""},"categories":[12,6,14,30,24,32,31,10],"tags":[],"class_list":["post-1301","post","type-post","status-publish","format-standard","has-post-thumbnail","hentry","category-collectivites-locales","category-communiques","category-interventions-au-gouvernement","category-lrem","category-montagne","category-societe","category-travaux-legislatifs","category-videos"],"jetpack_featured_media_url":"http:\/\/joelgirauddepute.fr\/wp-content\/uploads\/2018\/04\/migrants-amdt.jpg","jetpack_sharing_enabled":true,"jetpack_shortlink":"https:\/\/wp.me\/pabfdt-kZ","_links":{"self":[{"href":"http:\/\/joelgirauddepute.fr\/index.php\/wp-json\/wp\/v2\/posts\/1301","targetHints":{"allow":["GET"]}}],"collection":[{"href":"http:\/\/joelgirauddepute.fr\/index.php\/wp-json\/wp\/v2\/posts"}],"about":[{"href":"http:\/\/joelgirauddepute.fr\/index.php\/wp-json\/wp\/v2\/types\/post"}],"author":[{"embeddable":true,"href":"http:\/\/joelgirauddepute.fr\/index.php\/wp-json\/wp\/v2\/users\/1"}],"replies":[{"embeddable":true,"href":"http:\/\/joelgirauddepute.fr\/index.php\/wp-json\/wp\/v2\/comments?post=1301"}],"version-history":[{"count":2,"href":"http:\/\/joelgirauddepute.fr\/index.php\/wp-json\/wp\/v2\/posts\/1301\/revisions"}],"predecessor-version":[{"id":1314,"href":"http:\/\/joelgirauddepute.fr\/index.php\/wp-json\/wp\/v2\/posts\/1301\/revisions\/1314"}],"wp:featuredmedia":[{"embeddable":true,"href":"http:\/\/joelgirauddepute.fr\/index.php\/wp-json\/wp\/v2\/media\/1303"}],"wp:attachment":[{"href":"http:\/\/joelgirauddepute.fr\/index.php\/wp-json\/wp\/v2\/media?parent=1301"}],"wp:term":[{"taxonomy":"category","embeddable":true,"href":"http:\/\/joelgirauddepute.fr\/index.php\/wp-json\/wp\/v2\/categories?post=1301"},{"taxonomy":"post_tag","embeddable":true,"href":"http:\/\/joelgirauddepute.fr\/index.php\/wp-json\/wp\/v2\/tags?post=1301"}],"curies":[{"name":"wp","href":"https:\/\/api.w.org\/{rel}","templated":true}]}}